{"id":4466,"date":"2023-01-17T17:29:19","date_gmt":"2023-01-17T23:29:19","guid":{"rendered":"http:\/\/elveracruzano.vip\/?p=4466"},"modified":"2023-01-17T17:29:21","modified_gmt":"2023-01-17T23:29:21","slug":"aprobo-cabildo-contrato-de-colaboracion-con-dependencias-productivas-en-minatitlan-dramedelpalma-gobminatitlan","status":"publish","type":"post","link":"https:\/\/elveracruzano.vip\/?p=4466","title":{"rendered":"Aprob\u00f3 cabildo contrato de colaboraci\u00f3n con dependencias productivas en Minatitl\u00e1n \/ @DraMedelPalma @gobminatitlan >>>"},"content":{"rendered":"\n<p><strong>#Minatitl\u00e1n, #Ver.- <\/strong>La presidenta Municipal de Minatitl\u00e1n, Dra. Carmen Medel Palma, puso a consideraci\u00f3n de cabildo, suscribir convenios o contratos de colaboraci\u00f3n y donaci\u00f3n con dependencias de la administraci\u00f3n p\u00fablica federal.<\/p>\n\n\n\n<p>Adem\u00e1s de empresa productiva del Estado Petr\u00f3leos Mexicanos, empresas productivas subsidiarias, empresas filiales o sus organismos desconcentrados, descentralizados y paraestatales <a><\/a>a fin de recibir donaciones.<\/p>\n\n\n\n<p>Fue durante la segunda sesi\u00f3n extraordinaria de cabildo, donde la alcaldesa, regidoras, regidores y el s\u00edndico \u00fanico votaron por unanimidad a favor de estos convenios, que traer\u00e1n muchos beneficios a favor de la ciudadan\u00eda minatitleca.<\/p>\n\n\n\n<p>\u201cEste trabajo coordinado trae bienestar. Desde el Gobierno Municipal trabajamos y gestionamos con empresas comprometidas socialmente con la poblaci\u00f3n, quienes tienen el mismo objetivo, transformar Minatitl\u00e1n con servicios de calidad\u201d agreg\u00f3 la mun\u00edcipe.<\/p>\n\n\n\n<p>Posteriormente, se analizar\u00e1n propuestas que contribuir\u00e1n en materia de desarrollo urbano y sustentable, lo que significar\u00eda fortalecer el proceso de lograr que Minatitl\u00e1n vaya por la ruta correcta, a trav\u00e9s de sinergias entre el Gobierno Municipal y diferentes instancias.<\/p>\n\n\n\n<p><strong>#ElVeracruzanoVIP &#8211; <\/strong><a href=\"https:\/\/www.facebook.com\/ElVeracruzanoVIP\/\">El Veracruzano VIP<\/a><\/p>\n","protected":false},"excerpt":{"rendered":"<p>#Minatitl\u00e1n, #Ver.- La presidenta Municipal de Minatitl\u00e1n, Dra. Carmen Medel Palma, puso a consideraci\u00f3n de cabildo, suscribir convenios o contratos<\/p>\n","protected":false},"author":4,"featured_media":4467,"comment_status":"open","ping_status":"open","sticky":false,"template":"","format":"standard","meta":{"colormag_page_container_layout":"default_layout","colormag_page_sidebar_layout":"default_layout","rop_custom_images_group":[],"rop_custom_messages_group":[],"rop_publish_now":"initial","rop_publish_now_accounts":{"facebook_109133384920963_108472061465099":""},"rop_publish_now_history":[],"rop_publish_now_status":"pending","footnotes":""},"categories":[8],"tags":[80,17,26,20,18,39,19,100,97,91,84,98,99,21,23,22],"class_list":["post-4466","post","type-post","status-publish","format-standard","has-post-thumbnail","hentry","category-alcaldesas","tag-carmen-medel-palma","tag-cuitlahuac-garcia-jimenez","tag-el-veracruzano-vip","tag-enterate","tag-gobierno-del-estado-de-veracruz","tag-minatitlan","tag-redes-sociales","tag-secretaria-de-economia","tag-secretaria-de-educacion-publica","tag-secretaria-de-educacion-veracruz","tag-secretaria-de-proteccion-civil-del-estado-de-veracruz","tag-secretaria-del-medio-ambiente","tag-secretaria-del-trabajo-y-prevision-social","tag-ultima-hora","tag-ultimas-noticias","tag-ultimo-minuto"],"_links":{"self":[{"href":"https:\/\/elveracruzano.vip\/index.php?rest_route=\/wp\/v2\/posts\/4466","targetHints":{"allow":["GET"]}}],"collection":[{"href":"https:\/\/elveracruzano.vip\/index.php?rest_route=\/wp\/v2\/posts"}],"about":[{"href":"https:\/\/elveracruzano.vip\/index.php?rest_route=\/wp\/v2\/types\/post"}],"author":[{"embeddable":true,"href":"https:\/\/elveracruzano.vip\/index.php?rest_route=\/wp\/v2\/users\/4"}],"replies":[{"embeddable":true,"href":"https:\/\/elveracruzano.vip\/index.php?rest_route=%2Fwp%2Fv2%2Fcomments&post=4466"}],"version-history":[{"count":1,"href":"https:\/\/elveracruzano.vip\/index.php?rest_route=\/wp\/v2\/posts\/4466\/revisions"}],"predecessor-version":[{"id":4468,"href":"https:\/\/elveracruzano.vip\/index.php?rest_route=\/wp\/v2\/posts\/4466\/revisions\/4468"}],"wp:featuredmedia":[{"embeddable":true,"href":"https:\/\/elveracruzano.vip\/index.php?rest_route=\/wp\/v2\/media\/4467"}],"wp:attachment":[{"href":"https:\/\/elveracruzano.vip\/index.php?rest_route=%2Fwp%2Fv2%2Fmedia&parent=4466"}],"wp:term":[{"taxonomy":"category","embeddable":true,"href":"https:\/\/elveracruzano.vip\/index.php?rest_route=%2Fwp%2Fv2%2Fcategories&post=4466"},{"taxonomy":"post_tag","embeddable":true,"href":"https:\/\/elveracruzano.vip\/index.php?rest_route=%2Fwp%2Fv2%2Ftags&post=4466"}],"curies":[{"name":"wp","href":"https:\/\/api.w.org\/{rel}","templated":true}]}}