{"id":4382,"date":"2023-01-10T17:18:52","date_gmt":"2023-01-10T23:18:52","guid":{"rendered":"http:\/\/elveracruzano.vip\/?p=4382"},"modified":"2023-01-10T17:18:54","modified_gmt":"2023-01-10T23:18:54","slug":"unidad-de-respuesta-inmediata-de-obras-publicas-realizo-reparacion-de-socavones-en-minatitlan-dramedelpalma-gobminatitlan","status":"publish","type":"post","link":"https:\/\/elveracruzano.vip\/?p=4382","title":{"rendered":"Unidad de Respuesta Inmediata de Obras P\u00fablicas realiz\u00f3 reparaci\u00f3n de socavones en Minatitl\u00e1n \/ @DraMedelPalma @gobminatitlan >>>"},"content":{"rendered":"\n<p><strong>#Minatitl\u00e1n, #Ver.- <\/strong>Continuando con la jornada de mejoramiento de vialidades, el Ayuntamiento de Minatitl\u00e1n, que preside la Dra. Carmen Medel Palma; a trav\u00e9s de la Unidad de Respuesta Inmediata de Obras P\u00fablicas, realiz\u00f3 la reparaci\u00f3n de dos socavones que se encontraban en la colonia Obrera.<\/p>\n\n\n\n<p>De acuerdo a informaci\u00f3n proporcionada por el Ing., Eduardo Couti\u00f1o, titular de la <a><\/a>dependencia, fue durante los recorridos que llevan a cabo de manera permanente por las diferentes avenidas del municipio cuando detectaron dos socavones sobre la calle Salvador D\u00edaz Mir\u00f3n, entre las calles Sor Juana In\u00e9s de la Cruz y Licenciado Primo Verdad, lo que pon\u00eda en riesgo tanto peat\u00f3n como a los automovilistas.<\/p>\n\n\n\n<p>\u201cContinuamos trabajando tal como nos ha instruido la doctora, Carmen Medel; en esta ocasi\u00f3n fueron dos puntos, donde la Direcci\u00f3n General de Agua Potable y Alcantarillado repar\u00f3 la tuber\u00eda de la red de drenaje, a nosotros nos corresponde tapar los socavones, en ambos se ocup\u00f3 m\u00e1s de ocho metros c\u00fabicos de concreto hidr\u00e1ulico\u201d, explic\u00f3.<\/p>\n\n\n\n<p>A\u00f1adi\u00f3 que estos trabajos dan muestra de que se est\u00e1 trabajando de forma oportuna atendiendo las quejas y necesidades ciudadanas, por lo que pidi\u00f3 respetar las se\u00f1alizaciones viales para no afectar las reparaciones hechas.<\/p>\n\n\n\n<p>La calle Salvador D\u00edaz Mir\u00f3n a\u00fan permanecer\u00e1 cerrada hasta que el concreto haya secado, abriendo la circulaci\u00f3n en un plazo no mayor a tres d\u00edas, por lo que se exhorta los conductores a tener paciencia y usar rutas alternas por el momento.<\/p>\n\n\n\n<p><strong>#ElVeracruzanoVIP &#8211; <\/strong><a href=\"https:\/\/www.facebook.com\/ElVeracruzanoVIP\/\">El Veracruzano VIP<\/a><\/p>\n","protected":false},"excerpt":{"rendered":"<p>#Minatitl\u00e1n, #Ver.- Continuando con la jornada de mejoramiento de vialidades, el Ayuntamiento de Minatitl\u00e1n, que preside la Dra. Carmen Medel<\/p>\n","protected":false},"author":4,"featured_media":4383,"comment_status":"open","ping_status":"open","sticky":false,"template":"","format":"standard","meta":{"colormag_page_container_layout":"default_layout","colormag_page_sidebar_layout":"default_layout","rop_custom_images_group":[],"rop_custom_messages_group":[],"rop_publish_now":"initial","rop_publish_now_accounts":{"facebook_109133384920963_108472061465099":""},"rop_publish_now_history":[],"rop_publish_now_status":"pending","footnotes":""},"categories":[8],"tags":[80,17,26,20,18,39,19,100,97,91,84,98,99,21,23,22],"class_list":["post-4382","post","type-post","status-publish","format-standard","has-post-thumbnail","hentry","category-alcaldesas","tag-carmen-medel-palma","tag-cuitlahuac-garcia-jimenez","tag-el-veracruzano-vip","tag-enterate","tag-gobierno-del-estado-de-veracruz","tag-minatitlan","tag-redes-sociales","tag-secretaria-de-economia","tag-secretaria-de-educacion-publica","tag-secretaria-de-educacion-veracruz","tag-secretaria-de-proteccion-civil-del-estado-de-veracruz","tag-secretaria-del-medio-ambiente","tag-secretaria-del-trabajo-y-prevision-social","tag-ultima-hora","tag-ultimas-noticias","tag-ultimo-minuto"],"_links":{"self":[{"href":"https:\/\/elveracruzano.vip\/index.php?rest_route=\/wp\/v2\/posts\/4382","targetHints":{"allow":["GET"]}}],"collection":[{"href":"https:\/\/elveracruzano.vip\/index.php?rest_route=\/wp\/v2\/posts"}],"about":[{"href":"https:\/\/elveracruzano.vip\/index.php?rest_route=\/wp\/v2\/types\/post"}],"author":[{"embeddable":true,"href":"https:\/\/elveracruzano.vip\/index.php?rest_route=\/wp\/v2\/users\/4"}],"replies":[{"embeddable":true,"href":"https:\/\/elveracruzano.vip\/index.php?rest_route=%2Fwp%2Fv2%2Fcomments&post=4382"}],"version-history":[{"count":1,"href":"https:\/\/elveracruzano.vip\/index.php?rest_route=\/wp\/v2\/posts\/4382\/revisions"}],"predecessor-version":[{"id":4384,"href":"https:\/\/elveracruzano.vip\/index.php?rest_route=\/wp\/v2\/posts\/4382\/revisions\/4384"}],"wp:featuredmedia":[{"embeddable":true,"href":"https:\/\/elveracruzano.vip\/index.php?rest_route=\/wp\/v2\/media\/4383"}],"wp:attachment":[{"href":"https:\/\/elveracruzano.vip\/index.php?rest_route=%2Fwp%2Fv2%2Fmedia&parent=4382"}],"wp:term":[{"taxonomy":"category","embeddable":true,"href":"https:\/\/elveracruzano.vip\/index.php?rest_route=%2Fwp%2Fv2%2Fcategories&post=4382"},{"taxonomy":"post_tag","embeddable":true,"href":"https:\/\/elveracruzano.vip\/index.php?rest_route=%2Fwp%2Fv2%2Ftags&post=4382"}],"curies":[{"name":"wp","href":"https:\/\/api.w.org\/{rel}","templated":true}]}}