{"id":438,"date":"2022-01-11T12:42:42","date_gmt":"2022-01-11T18:42:42","guid":{"rendered":"http:\/\/elveracruzano.vip\/?p=438"},"modified":"2022-01-11T12:42:42","modified_gmt":"2022-01-11T18:42:42","slug":"todo-un-exito-festival-de-reyes-magos-en-minatitlan","status":"publish","type":"post","link":"https:\/\/elveracruzano.vip\/?p=438","title":{"rendered":"Todo un \u00e9xito festival de Reyes Magos en Minatitl\u00e1n"},"content":{"rendered":"\n<p><strong>#Minatitl\u00e1n<\/strong>, <strong>#Ver<\/strong>.- Las caras de alegr\u00eda y emoci\u00f3n en los cientos de ni\u00f1os que asistieron, demuestran el \u00e9xito que tuvo el \u00abFestival de Reyes Magos\u00bb en el municipio de Minatitl\u00e1n, evento organizado por el sistema para el Desarrollo Integral de la Familia (DIF), en el parque Reforma. La presidenta del sistema DIF municipal Vianey Cruz Medel agradeci\u00f3 el esfuerzo de cada departamento para que dicho festival se llevar\u00e1 a cabo, dijo sentirse muy feliz y emocionada por lograrse el objetivo: llenar de alegr\u00eda a la ni\u00f1ez minatitleca.<\/p>\n\n\n\n<p>\u00abAgradezco todo el apoyo que hubo en cada funcionario p\u00fablico, ciudadanos y empresarios, quienes me acompa\u00f1aron para realizar este evento que pudo hacerse posible a pesar del pron\u00f3stico del mal tiempo, tuvimos lo que esper\u00e1bamos sonrisas de ni\u00f1os felices\u00bb asinti\u00f3 la presidenta del DIF municipal. En el evento estuvo presente la presidenta municipal, la doctora Carmen Medel Palma qui\u00e9n no dudo en disfrutar con los menores, entregando regalos, al tiempo que agradeci\u00f3 a los padres de familia por traer a sus peque\u00f1os.<\/p>\n\n\n\n<p>Adem\u00e1s de participar en la celebraci\u00f3n, todos degustaron de la tradicional rosca de m\u00e1s de 20 metros de longitud, elaborada por estudiantes de la carrera de Gastronom\u00eda de la Universidad Popular Aut\u00f3noma de Veracruz, dirigidos por el Chef Roberto Robles.<\/p>\n\n\n\n<p>Tambi\u00e9n disfrutaron del show de payasos, botargas, aunque los ni\u00f1os agradecieron m\u00e1s el sorteo de regalos como triciclos, carros, mu\u00f1ecas entre otros.<\/p>\n\n\n\n<p>Para cerrar con broche de oro, se brind\u00f3 un espect\u00e1culo de lucha libre en el ring que fue colocado en el centro del parque, d\u00f3nde se cont\u00f3 con la participaci\u00f3n Angel Desertor y Royal Fit.<\/p>\n\n\n\n<p><strong>#ElVeracruzanoVip<\/strong><\/p>\n","protected":false},"excerpt":{"rendered":"<p>#Minatitl\u00e1n, #Ver.- Las caras de alegr\u00eda y emoci\u00f3n en los cientos de ni\u00f1os que asistieron, demuestran el \u00e9xito que tuvo<\/p>\n","protected":false},"author":5,"featured_media":439,"comment_status":"open","ping_status":"open","sticky":false,"template":"","format":"standard","meta":{"colormag_page_container_layout":"default_layout","colormag_page_sidebar_layout":"default_layout","rop_custom_images_group":[],"rop_custom_messages_group":[],"rop_publish_now":"initial","rop_publish_now_accounts":{"facebook_109133384920963_108472061465099":""},"rop_publish_now_history":[],"rop_publish_now_status":"pending","footnotes":""},"categories":[8],"tags":[26,20,18,39,19,21,23,22],"class_list":["post-438","post","type-post","status-publish","format-standard","has-post-thumbnail","hentry","category-alcaldesas","tag-el-veracruzano-vip","tag-enterate","tag-gobierno-del-estado-de-veracruz","tag-minatitlan","tag-redes-sociales","tag-ultima-hora","tag-ultimas-noticias","tag-ultimo-minuto"],"_links":{"self":[{"href":"https:\/\/elveracruzano.vip\/index.php?rest_route=\/wp\/v2\/posts\/438","targetHints":{"allow":["GET"]}}],"collection":[{"href":"https:\/\/elveracruzano.vip\/index.php?rest_route=\/wp\/v2\/posts"}],"about":[{"href":"https:\/\/elveracruzano.vip\/index.php?rest_route=\/wp\/v2\/types\/post"}],"author":[{"embeddable":true,"href":"https:\/\/elveracruzano.vip\/index.php?rest_route=\/wp\/v2\/users\/5"}],"replies":[{"embeddable":true,"href":"https:\/\/elveracruzano.vip\/index.php?rest_route=%2Fwp%2Fv2%2Fcomments&post=438"}],"version-history":[{"count":1,"href":"https:\/\/elveracruzano.vip\/index.php?rest_route=\/wp\/v2\/posts\/438\/revisions"}],"predecessor-version":[{"id":440,"href":"https:\/\/elveracruzano.vip\/index.php?rest_route=\/wp\/v2\/posts\/438\/revisions\/440"}],"wp:featuredmedia":[{"embeddable":true,"href":"https:\/\/elveracruzano.vip\/index.php?rest_route=\/wp\/v2\/media\/439"}],"wp:attachment":[{"href":"https:\/\/elveracruzano.vip\/index.php?rest_route=%2Fwp%2Fv2%2Fmedia&parent=438"}],"wp:term":[{"taxonomy":"category","embeddable":true,"href":"https:\/\/elveracruzano.vip\/index.php?rest_route=%2Fwp%2Fv2%2Fcategories&post=438"},{"taxonomy":"post_tag","embeddable":true,"href":"https:\/\/elveracruzano.vip\/index.php?rest_route=%2Fwp%2Fv2%2Ftags&post=438"}],"curies":[{"name":"wp","href":"https:\/\/api.w.org\/{rel}","templated":true}]}}