{"id":4376,"date":"2023-01-10T17:19:50","date_gmt":"2023-01-10T23:19:50","guid":{"rendered":"http:\/\/elveracruzano.vip\/?p=4376"},"modified":"2023-01-10T17:19:51","modified_gmt":"2023-01-10T23:19:51","slug":"ayuntamiento-de-coatepec-y-gobierno-del-estado-de-veracruz-clausuraron-el-festival-orgullo-navideno-2022-raymundoandradr-gobcoatepec","status":"publish","type":"post","link":"https:\/\/elveracruzano.vip\/?p=4376","title":{"rendered":"Ayuntamiento de Coatepec y gobierno del Estado de Veracruz, clausuraron el Festival Orgullo Navide\u00f1o 2022 \/ @RaymundoAndradR @GobCoatepec >>>"},"content":{"rendered":"\n<p><strong>#Coatepec, #Ver.- <\/strong>El H. Ayuntamiento de Coatepec en coordinaci\u00f3n con el Gobierno del Estado de Veracruz, llevaron a cabo la clausura del Festival Orgullo Navide\u00f1o 2022.<\/p>\n\n\n\n<p>Al evento acudi\u00f3 el alcalde Raymundo Andrade Rivera, la Regidora Segunda, Tizania Quijada L\u00f3pez; la Regidora Cuarta, Sof\u00eda Leticia Viveros Colorado, el Regidor Quinto, Edson Corona Tejada y por parte de Gobierno del Estado el Secretario T\u00e9cnico del DIF Estatal, Diego Fern\u00e1ndez Olivares.<\/p>\n\n\n\n<p>El Festival Orgullo Navide\u00f1o brind\u00f3 gran <a><\/a>alegr\u00eda y emoci\u00f3n a los asistentes a la pista de hielo y a los diferentes eventos art\u00edsticos que se presentaron en Coatepec.<\/p>\n\n\n\n<p>El alcalde Raymundo Andrade Rivera, agradeci\u00f3 el apoyo del Gobernador del Estado, Cuitl\u00e1huac Garc\u00eda Jim\u00e9nez, al Secretario de Gobierno, Eric Cisneros Burgos y a la Directora del DIF Estatal, Rebeca Quintanar Barcel\u00f3, por el impulso a nuestras tradiciones.<\/p>\n\n\n\n<figure class=\"wp-block-image aligncenter size-medium is-resized\"><img loading=\"lazy\" decoding=\"async\" src=\"http:\/\/elveracruzano.vip\/wp-content\/uploads\/2023\/01\/COATE-TEX-300x200.jpg\" alt=\"\" class=\"wp-image-4377\" width=\"468\" height=\"312\" srcset=\"https:\/\/elveracruzano.vip\/wp-content\/uploads\/2023\/01\/COATE-TEX-300x200.jpg 300w, https:\/\/elveracruzano.vip\/wp-content\/uploads\/2023\/01\/COATE-TEX-1024x683.jpg 1024w, https:\/\/elveracruzano.vip\/wp-content\/uploads\/2023\/01\/COATE-TEX-768x512.jpg 768w, https:\/\/elveracruzano.vip\/wp-content\/uploads\/2023\/01\/COATE-TEX-1536x1024.jpg 1536w, https:\/\/elveracruzano.vip\/wp-content\/uploads\/2023\/01\/COATE-TEX-600x400.jpg 600w, https:\/\/elveracruzano.vip\/wp-content\/uploads\/2023\/01\/COATE-TEX.jpg 2048w\" sizes=\"auto, (max-width: 468px) 100vw, 468px\" \/><\/figure>\n\n\n\n<p><strong>#ElVeracruzanoVIP &#8211; <\/strong><a href=\"https:\/\/www.facebook.com\/ElVeracruzanoVIP\/\">El Veracruzano VIP<\/a><\/p>\n","protected":false},"excerpt":{"rendered":"<p>#Coatepec, #Ver.- El H. Ayuntamiento de Coatepec en coordinaci\u00f3n con el Gobierno del Estado de Veracruz, llevaron a cabo la<\/p>\n","protected":false},"author":4,"featured_media":4378,"comment_status":"open","ping_status":"open","sticky":false,"template":"","format":"standard","meta":{"colormag_page_container_layout":"default_layout","colormag_page_sidebar_layout":"default_layout","rop_custom_images_group":[],"rop_custom_messages_group":[],"rop_publish_now":"initial","rop_publish_now_accounts":{"facebook_109133384920963_108472061465099":""},"rop_publish_now_history":[],"rop_publish_now_status":"pending","footnotes":""},"categories":[10],"tags":[40,17,26,20,18,73,19,100,97,91,84,98,99,21,23,22],"class_list":["post-4376","post","type-post","status-publish","format-standard","has-post-thumbnail","hentry","category-municipios","tag-coatepec","tag-cuitlahuac-garcia-jimenez","tag-el-veracruzano-vip","tag-enterate","tag-gobierno-del-estado-de-veracruz","tag-raymundo-andrade-rivera","tag-redes-sociales","tag-secretaria-de-economia","tag-secretaria-de-educacion-publica","tag-secretaria-de-educacion-veracruz","tag-secretaria-de-proteccion-civil-del-estado-de-veracruz","tag-secretaria-del-medio-ambiente","tag-secretaria-del-trabajo-y-prevision-social","tag-ultima-hora","tag-ultimas-noticias","tag-ultimo-minuto"],"_links":{"self":[{"href":"https:\/\/elveracruzano.vip\/index.php?rest_route=\/wp\/v2\/posts\/4376","targetHints":{"allow":["GET"]}}],"collection":[{"href":"https:\/\/elveracruzano.vip\/index.php?rest_route=\/wp\/v2\/posts"}],"about":[{"href":"https:\/\/elveracruzano.vip\/index.php?rest_route=\/wp\/v2\/types\/post"}],"author":[{"embeddable":true,"href":"https:\/\/elveracruzano.vip\/index.php?rest_route=\/wp\/v2\/users\/4"}],"replies":[{"embeddable":true,"href":"https:\/\/elveracruzano.vip\/index.php?rest_route=%2Fwp%2Fv2%2Fcomments&post=4376"}],"version-history":[{"count":3,"href":"https:\/\/elveracruzano.vip\/index.php?rest_route=\/wp\/v2\/posts\/4376\/revisions"}],"predecessor-version":[{"id":4385,"href":"https:\/\/elveracruzano.vip\/index.php?rest_route=\/wp\/v2\/posts\/4376\/revisions\/4385"}],"wp:featuredmedia":[{"embeddable":true,"href":"https:\/\/elveracruzano.vip\/index.php?rest_route=\/wp\/v2\/media\/4378"}],"wp:attachment":[{"href":"https:\/\/elveracruzano.vip\/index.php?rest_route=%2Fwp%2Fv2%2Fmedia&parent=4376"}],"wp:term":[{"taxonomy":"category","embeddable":true,"href":"https:\/\/elveracruzano.vip\/index.php?rest_route=%2Fwp%2Fv2%2Fcategories&post=4376"},{"taxonomy":"post_tag","embeddable":true,"href":"https:\/\/elveracruzano.vip\/index.php?rest_route=%2Fwp%2Fv2%2Ftags&post=4376"}],"curies":[{"name":"wp","href":"https:\/\/api.w.org\/{rel}","templated":true}]}}