{"id":4328,"date":"2023-01-05T17:52:52","date_gmt":"2023-01-05T23:52:52","guid":{"rendered":"http:\/\/elveracruzano.vip\/?p=4328"},"modified":"2023-01-05T17:52:54","modified_gmt":"2023-01-05T23:52:54","slug":"plantel-conalep-en-cordoba-prueba-del-respaldo-a-la-juventud-gobernador-cuitlahuac-garcia-cuitlahuacgj-gobiernover","status":"publish","type":"post","link":"https:\/\/elveracruzano.vip\/?p=4328","title":{"rendered":"Plantel CONALEP en C\u00f3rdoba, prueba del respaldo a la juventud: Gobernador Cuitl\u00e1huac Garc\u00eda \/ @CuitlahuacGJ @GobiernoVer >>>"},"content":{"rendered":"\n<p><strong>#GobiernoDeVeracruz.-<\/strong> A fin de respaldar y brindar oportunidades a los j\u00f3venes, el gobernador Cuitl\u00e1huac Garc\u00eda Jim\u00e9nez inform\u00f3 que pr\u00f3ximamente se inaugurar\u00e1 el nuevo plantel del Colegio Nacional de Educaci\u00f3n Profesional T\u00e9cnica (CONALEP) que actualmente tiene una matr\u00edcula de 562 estudiantes.<\/p>\n\n\n\n<p>El campus, que inici\u00f3 funciones en 2020, ha ejercido una inversi\u00f3n de 10 millones 133 mil 16 pesos en dos etapas, la construcci\u00f3n de dos edificios con aulas que albergar\u00e1n a 12 grupos, talleres, oficinas administrativas y sanitarios; en \u00e9l, se ofrecer\u00e1n las carreras de profesionales t\u00e9cnicos en Mecatr\u00f3nica y Administraci\u00f3n.<\/p>\n\n\n\n<p>Al respecto, asegur\u00f3 que el impulso a la infraestructura escolar, central para su administraci\u00f3n, ha dado excelentes resultados; prueba de ello es la participaci\u00f3n de dos estudiantes de la instituci\u00f3n en competencias que se desarrollar\u00e1n en Taiw\u00e1n y Bosnia. \u201cEstas son las cosas que nos enorgullecen\u201d, afirm\u00f3.<\/p>\n\n\n\n<p>Esta construcci\u00f3n es tan s\u00f3lo un ejemplo de las iniciativas que dan continuidad al trabajo de los gobiernos Federal y Estatal enfocado en garantizar justicia social y prevenir el delito. En ese sentido, el mandatario resalt\u00f3 la entrega de la Beca Universal para el Bienestar Benito Ju\u00e1rez a todos los j\u00f3venes cordobeses de preparatorias p\u00fablicas, un hecho in\u00e9dito. \u201cDebemos romper la t\u00e1ctica de los grupos delincuenciales de captar a j\u00f3venes\u201d, enfatiz\u00f3.<\/p>\n\n\n\n<p><strong>#ElVeracruzanoVIP &#8211; <\/strong><a href=\"https:\/\/www.facebook.com\/ElVeracruzanoVIP\/\">El Veracruzano VIP<\/a><\/p>\n","protected":false},"excerpt":{"rendered":"<p>#GobiernoDeVeracruz.- A fin de respaldar y brindar oportunidades a los j\u00f3venes, el gobernador Cuitl\u00e1huac Garc\u00eda Jim\u00e9nez inform\u00f3 que pr\u00f3ximamente se<\/p>\n","protected":false},"author":4,"featured_media":4329,"comment_status":"open","ping_status":"open","sticky":false,"template":"","format":"standard","meta":{"colormag_page_container_layout":"default_layout","colormag_page_sidebar_layout":"default_layout","rop_custom_images_group":[],"rop_custom_messages_group":[],"rop_publish_now":"initial","rop_publish_now_accounts":{"facebook_109133384920963_108472061465099":""},"rop_publish_now_history":[],"rop_publish_now_status":"pending","footnotes":""},"categories":[14],"tags":[17,26,20,18,19,100,97,91,84,98,99,21,23,22],"class_list":["post-4328","post","type-post","status-publish","format-standard","has-post-thumbnail","hentry","category-secretarias","tag-cuitlahuac-garcia-jimenez","tag-el-veracruzano-vip","tag-enterate","tag-gobierno-del-estado-de-veracruz","tag-redes-sociales","tag-secretaria-de-economia","tag-secretaria-de-educacion-publica","tag-secretaria-de-educacion-veracruz","tag-secretaria-de-proteccion-civil-del-estado-de-veracruz","tag-secretaria-del-medio-ambiente","tag-secretaria-del-trabajo-y-prevision-social","tag-ultima-hora","tag-ultimas-noticias","tag-ultimo-minuto"],"_links":{"self":[{"href":"https:\/\/elveracruzano.vip\/index.php?rest_route=\/wp\/v2\/posts\/4328","targetHints":{"allow":["GET"]}}],"collection":[{"href":"https:\/\/elveracruzano.vip\/index.php?rest_route=\/wp\/v2\/posts"}],"about":[{"href":"https:\/\/elveracruzano.vip\/index.php?rest_route=\/wp\/v2\/types\/post"}],"author":[{"embeddable":true,"href":"https:\/\/elveracruzano.vip\/index.php?rest_route=\/wp\/v2\/users\/4"}],"replies":[{"embeddable":true,"href":"https:\/\/elveracruzano.vip\/index.php?rest_route=%2Fwp%2Fv2%2Fcomments&post=4328"}],"version-history":[{"count":1,"href":"https:\/\/elveracruzano.vip\/index.php?rest_route=\/wp\/v2\/posts\/4328\/revisions"}],"predecessor-version":[{"id":4330,"href":"https:\/\/elveracruzano.vip\/index.php?rest_route=\/wp\/v2\/posts\/4328\/revisions\/4330"}],"wp:featuredmedia":[{"embeddable":true,"href":"https:\/\/elveracruzano.vip\/index.php?rest_route=\/wp\/v2\/media\/4329"}],"wp:attachment":[{"href":"https:\/\/elveracruzano.vip\/index.php?rest_route=%2Fwp%2Fv2%2Fmedia&parent=4328"}],"wp:term":[{"taxonomy":"category","embeddable":true,"href":"https:\/\/elveracruzano.vip\/index.php?rest_route=%2Fwp%2Fv2%2Fcategories&post=4328"},{"taxonomy":"post_tag","embeddable":true,"href":"https:\/\/elveracruzano.vip\/index.php?rest_route=%2Fwp%2Fv2%2Ftags&post=4328"}],"curies":[{"name":"wp","href":"https:\/\/api.w.org\/{rel}","templated":true}]}}