{"id":4319,"date":"2023-01-05T17:53:33","date_gmt":"2023-01-05T23:53:33","guid":{"rendered":"http:\/\/elveracruzano.vip\/?p=4319"},"modified":"2023-01-05T17:53:34","modified_gmt":"2023-01-05T23:53:34","slug":"dio-inicio-campana-masiva-de-pago-del-predial-en-xalapa-ahuedricardo-aytoxalapa","status":"publish","type":"post","link":"https:\/\/elveracruzano.vip\/?p=4319","title":{"rendered":"Dio inicio campa\u00f1a masiva de pago del Predial en Xalapa \/ @ahuedricardo @AytoXalapa >>>"},"content":{"rendered":"\n<p><strong>#Xalapa, #Ver.- <\/strong>Dio inicio la Campa\u00f1a masiva de pago del Predial 2023 en Xalapa, Veracruz, mediante la cual adultos mayores y sectores vulnerables obtendr\u00e1n un descuento de 50 por ciento en el pago de sus contribuciones durante enero, mientras que la poblaci\u00f3n en general, 20 por ciento.<\/p>\n\n\n\n<p>El presidente municipal Ricardo Ahued Bardahuil detall\u00f3 que Xalapa tiene actualmente 155 mil predios registrados, por lo que la meta es recaudar cerca de 90 millones de pesos, de acuerdo con la actualizaci\u00f3n del traslado de dominio y ajustes inflacionarios.<\/p>\n\n\n\n<p>En este sentido, expuso que el de Xalapa es uno de los prediales m\u00e1s bajos que existen, por lo que invit\u00f3 a la poblaci\u00f3n a cumplir con sus contribuciones, ya que todo el dinero que se recibe de la sociedad se administra de forma eficiente, honesta y se regresa a la ciudad en obras y servicios de drenaje, agua potable, pavimentaciones, obra p\u00fablica o recuperaci\u00f3n de espacios p\u00fablicos.<\/p>\n\n\n\n<p>Para brindar mayor facilidad y agilizar los procesos, se habilitaron nueve sedes para el cobro y cerca de 40 cajas o m\u00f3dulos. El pago se podr\u00e1 realizar en Palacio Municipal, en las instalaciones de la Escuela Normal Veracruzana \u201cEnrique C. R\u00e9bsamen\u201d, el parque Deportivo Col\u00f3n y la Oficial\u00eda del Registro Civil, de lunes a viernes, de 9:00 a 15:00 horas.<\/p>\n\n\n\n<p>Asimismo, se podr\u00e1 acudir al m\u00f3dulo que se ubicar\u00e1 en la Direcci\u00f3n de Desarrollo Urbano, de lunes a viernes de 9:00 a 14:00 horas; el Catastro Municipal y Tr\u00e1nsito Municipal, de lunes a viernes de 8:30 a 14:30 horas. Adem\u00e1s, se tendr\u00e1n m\u00f3dulos en las plazas Crystal y Xanat, de lunes a domingo, de 9:00 a 17:00 horas.<\/p>\n\n\n\n<p><strong>#ElVeracruzanoVIP &#8211; <\/strong><a href=\"https:\/\/www.facebook.com\/ElVeracruzanoVIP\/\">El Veracruzano VIP<\/a><\/p>\n","protected":false},"excerpt":{"rendered":"<p>#Xalapa, #Ver.- Dio inicio la Campa\u00f1a masiva de pago del Predial 2023 en Xalapa, Veracruz, mediante la cual adultos mayores<\/p>\n","protected":false},"author":4,"featured_media":4320,"comment_status":"open","ping_status":"open","sticky":false,"template":"","format":"standard","meta":{"colormag_page_container_layout":"default_layout","colormag_page_sidebar_layout":"default_layout","rop_custom_images_group":[],"rop_custom_messages_group":[],"rop_publish_now":"initial","rop_publish_now_accounts":{"facebook_109133384920963_108472061465099":""},"rop_publish_now_history":[],"rop_publish_now_status":"pending","footnotes":""},"categories":[11],"tags":[17,26,20,18,19,77,100,97,91,84,98,99,21,23,22,32],"class_list":["post-4319","post","type-post","status-publish","format-standard","has-post-thumbnail","hentry","category-municipios-destacados","tag-cuitlahuac-garcia-jimenez","tag-el-veracruzano-vip","tag-enterate","tag-gobierno-del-estado-de-veracruz","tag-redes-sociales","tag-ricardo-ahued-bardahuil","tag-secretaria-de-economia","tag-secretaria-de-educacion-publica","tag-secretaria-de-educacion-veracruz","tag-secretaria-de-proteccion-civil-del-estado-de-veracruz","tag-secretaria-del-medio-ambiente","tag-secretaria-del-trabajo-y-prevision-social","tag-ultima-hora","tag-ultimas-noticias","tag-ultimo-minuto","tag-xalapa"],"_links":{"self":[{"href":"https:\/\/elveracruzano.vip\/index.php?rest_route=\/wp\/v2\/posts\/4319","targetHints":{"allow":["GET"]}}],"collection":[{"href":"https:\/\/elveracruzano.vip\/index.php?rest_route=\/wp\/v2\/posts"}],"about":[{"href":"https:\/\/elveracruzano.vip\/index.php?rest_route=\/wp\/v2\/types\/post"}],"author":[{"embeddable":true,"href":"https:\/\/elveracruzano.vip\/index.php?rest_route=\/wp\/v2\/users\/4"}],"replies":[{"embeddable":true,"href":"https:\/\/elveracruzano.vip\/index.php?rest_route=%2Fwp%2Fv2%2Fcomments&post=4319"}],"version-history":[{"count":4,"href":"https:\/\/elveracruzano.vip\/index.php?rest_route=\/wp\/v2\/posts\/4319\/revisions"}],"predecessor-version":[{"id":4327,"href":"https:\/\/elveracruzano.vip\/index.php?rest_route=\/wp\/v2\/posts\/4319\/revisions\/4327"}],"wp:featuredmedia":[{"embeddable":true,"href":"https:\/\/elveracruzano.vip\/index.php?rest_route=\/wp\/v2\/media\/4320"}],"wp:attachment":[{"href":"https:\/\/elveracruzano.vip\/index.php?rest_route=%2Fwp%2Fv2%2Fmedia&parent=4319"}],"wp:term":[{"taxonomy":"category","embeddable":true,"href":"https:\/\/elveracruzano.vip\/index.php?rest_route=%2Fwp%2Fv2%2Fcategories&post=4319"},{"taxonomy":"post_tag","embeddable":true,"href":"https:\/\/elveracruzano.vip\/index.php?rest_route=%2Fwp%2Fv2%2Ftags&post=4319"}],"curies":[{"name":"wp","href":"https:\/\/api.w.org\/{rel}","templated":true}]}}