{"id":4222,"date":"2022-12-27T17:57:42","date_gmt":"2022-12-27T23:57:42","guid":{"rendered":"http:\/\/elveracruzano.vip\/?p=4222"},"modified":"2022-12-27T17:57:43","modified_gmt":"2022-12-27T23:57:43","slug":"el-estado-de-veracruz-contara-con-mas-de-100-eventos-para-ofrecer-a-turistas-durante-2023-cuitlahuacgj-gobiernover","status":"publish","type":"post","link":"https:\/\/elveracruzano.vip\/?p=4222","title":{"rendered":"El Estado de Veracruz contar\u00e1 con m\u00e1s de 100 eventos para ofrecer a turistas durante 2023 \/ @CuitlahuacGJ @GobiernoVer >>>"},"content":{"rendered":"\n<p><strong>#GobiernoDeVeracruz.- <\/strong>Para el siguiente a\u00f1o, la Secretar\u00eda de Turismo y Cultura (SECTUR) proyecta 26 eventos masivos, 76 complementarios y las fiestas patronales de los 212 municipios ofreciendo una experiencia personal y sensorial que deje huella entre los visitantes, abriendo la posibilidad de retorno al estado.<\/p>\n\n\n\n<p>\u201cSon diferentes segmentos de especializaci\u00f3n en el turismo a los que tenemos que apostarles y dirigirnos de manera muy especializada, cada uno busca una alternativa diferente, entonces, estamos haciendo promoci\u00f3n de cada una de las \u00e1reas que podemos explotar para que vengan a nosotros\u201d, destac\u00f3 el titular de la dependencia, Iv\u00e1n Mart\u00ednez Olvera.<\/p>\n\n\n\n<p>La SECTUR le apostar\u00e1 al fortalecimiento al rubro de convenciones, que por s\u00ed mismo ha llegado a generar una derrama econ\u00f3mica por encima de los 60 millones de pesos entre semana para la zona conurbada Veracruz-Boca del R\u00edo, a ello se suma la modernizaci\u00f3n del World Trade Center, que contempla la inversi\u00f3n de 50 mdp.<\/p>\n\n\n\n<p>Mientras que en la zona sur se espera el crecimiento del n\u00famero de habitaciones en hoteles para abastecer la necesidad del turismo de negocios que est\u00e1 generando el Corredor Interoce\u00e1nico del Istmo de Tehuantepec.<\/p>\n\n\n\n<p>En lo que va de las vacaciones decembrinas, la entidad registra una ocupaci\u00f3n hotelera del 86 por ciento y se espera, al cierre, contar con una afluencia de mill\u00f3n y medio de visitantes, provenientes principalmente de la Ciudad de M\u00e9xico, el Estado de M\u00e9xico, Jalisco, Nuevo Le\u00f3n, Puebla, Quer\u00e9taro, Tabasco, Tamaulipas y Tlaxcala.<\/p>\n\n\n\n<p><strong>#ElVeracruzanoVIP &#8211; <\/strong><a href=\"https:\/\/www.facebook.com\/ElVeracruzanoVIP\/\">El Veracruzano VIP<\/a><\/p>\n","protected":false},"excerpt":{"rendered":"<p>#GobiernoDeVeracruz.- Para el siguiente a\u00f1o, la Secretar\u00eda de Turismo y Cultura (SECTUR) proyecta 26 eventos masivos, 76 complementarios y las<\/p>\n","protected":false},"author":4,"featured_media":4223,"comment_status":"open","ping_status":"open","sticky":false,"template":"","format":"standard","meta":{"colormag_page_container_layout":"default_layout","colormag_page_sidebar_layout":"default_layout","rop_custom_images_group":[],"rop_custom_messages_group":[],"rop_publish_now":"initial","rop_publish_now_accounts":{"facebook_109133384920963_108472061465099":""},"rop_publish_now_history":[],"rop_publish_now_status":"pending","footnotes":""},"categories":[16],"tags":[17,26,20,19,100,97,91,84,98,99,21,23,22],"class_list":["post-4222","post","type-post","status-publish","format-standard","has-post-thumbnail","hentry","category-ultima-hora","tag-cuitlahuac-garcia-jimenez","tag-el-veracruzano-vip","tag-enterate","tag-redes-sociales","tag-secretaria-de-economia","tag-secretaria-de-educacion-publica","tag-secretaria-de-educacion-veracruz","tag-secretaria-de-proteccion-civil-del-estado-de-veracruz","tag-secretaria-del-medio-ambiente","tag-secretaria-del-trabajo-y-prevision-social","tag-ultima-hora","tag-ultimas-noticias","tag-ultimo-minuto"],"_links":{"self":[{"href":"https:\/\/elveracruzano.vip\/index.php?rest_route=\/wp\/v2\/posts\/4222","targetHints":{"allow":["GET"]}}],"collection":[{"href":"https:\/\/elveracruzano.vip\/index.php?rest_route=\/wp\/v2\/posts"}],"about":[{"href":"https:\/\/elveracruzano.vip\/index.php?rest_route=\/wp\/v2\/types\/post"}],"author":[{"embeddable":true,"href":"https:\/\/elveracruzano.vip\/index.php?rest_route=\/wp\/v2\/users\/4"}],"replies":[{"embeddable":true,"href":"https:\/\/elveracruzano.vip\/index.php?rest_route=%2Fwp%2Fv2%2Fcomments&post=4222"}],"version-history":[{"count":1,"href":"https:\/\/elveracruzano.vip\/index.php?rest_route=\/wp\/v2\/posts\/4222\/revisions"}],"predecessor-version":[{"id":4224,"href":"https:\/\/elveracruzano.vip\/index.php?rest_route=\/wp\/v2\/posts\/4222\/revisions\/4224"}],"wp:featuredmedia":[{"embeddable":true,"href":"https:\/\/elveracruzano.vip\/index.php?rest_route=\/wp\/v2\/media\/4223"}],"wp:attachment":[{"href":"https:\/\/elveracruzano.vip\/index.php?rest_route=%2Fwp%2Fv2%2Fmedia&parent=4222"}],"wp:term":[{"taxonomy":"category","embeddable":true,"href":"https:\/\/elveracruzano.vip\/index.php?rest_route=%2Fwp%2Fv2%2Fcategories&post=4222"},{"taxonomy":"post_tag","embeddable":true,"href":"https:\/\/elveracruzano.vip\/index.php?rest_route=%2Fwp%2Fv2%2Ftags&post=4222"}],"curies":[{"name":"wp","href":"https:\/\/api.w.org\/{rel}","templated":true}]}}