{"id":4209,"date":"2022-12-27T17:20:08","date_gmt":"2022-12-27T23:20:08","guid":{"rendered":"http:\/\/elveracruzano.vip\/?p=4209"},"modified":"2022-12-27T17:20:09","modified_gmt":"2022-12-27T23:20:09","slug":"listo-el-programa-de-pago-del-impuesto-predial-en-boca-del-rio-alcalde-juan-unanue-jm_unanue-_bocadelrio","status":"publish","type":"post","link":"https:\/\/elveracruzano.vip\/?p=4209","title":{"rendered":"Listo el programa de pago del impuesto predial en Boca del R\u00edo: Alcalde Juan Un\u00e1nue \/ @JM_UNANUE @_BocadelRio >>>"},"content":{"rendered":"\n<p><strong>#BocaDelR\u00edo, #Ver.- <\/strong>Con el pago del Predial en 2023, el Ayuntamiento de Boca del R\u00edo, tiene la oportunidad de realizar m\u00e1s obras y acciones en beneficio todos los boque\u00f1os, destac\u00f3 el Alcalde Juan Manuel Un\u00e1nue Abascal.<\/p>\n\n\n\n<p>Por ello, ya esta listo el Programa de Pago del Impuesto Predial anual anticipado, el cual cuenta con atractivos beneficios para los ciudadanos.<\/p>\n\n\n\n<p>\u201cSe agradece y reconoce a la ciudadan\u00eda de Boca del R\u00edo porque es muy cumplida en el pago de este derecho municipal que es el predial, que nos ayuda mucho para realizar acciones y obras en beneficio de todos los ciudadanos, as\u00ed como de la ciudad\u201d.<\/p>\n\n\n\n<p>Coment\u00f3 el mun\u00edcipe, que en el \u00e1rea de Tesorer\u00eda e Ingresos, ya est\u00e1n listos para recibir a la ciudadan\u00eda a partir del 2 de enero del 2023 y en distintos puntos estrat\u00e9gicos del municipio.<\/p>\n\n\n\n<p>El Pago del Impuesto Anual Anticipado 2023, cuenta con los siguientes apoyos: 20% de descuento en enero para los ciudadanos en general y 50% de descuento para jubilados y pensionados.<\/p>\n\n\n\n<p><strong>#ElVeracruzanoVIP &#8211; <\/strong><a href=\"https:\/\/www.facebook.com\/ElVeracruzanoVIP\/\">El Veracruzano VIP<\/a><\/p>\n","protected":false},"excerpt":{"rendered":"<p>#BocaDelR\u00edo, #Ver.- Con el pago del Predial en 2023, el Ayuntamiento de Boca del R\u00edo, tiene la oportunidad de realizar<\/p>\n","protected":false},"author":4,"featured_media":4210,"comment_status":"open","ping_status":"open","sticky":false,"template":"","format":"standard","meta":{"colormag_page_container_layout":"default_layout","colormag_page_sidebar_layout":"default_layout","rop_custom_images_group":[],"rop_custom_messages_group":[],"rop_publish_now":"initial","rop_publish_now_accounts":{"facebook_109133384920963_108472061465099":""},"rop_publish_now_history":[],"rop_publish_now_status":"pending","footnotes":""},"categories":[11],"tags":[35,17,26,20,34,19,100,97,91,84,98,99,21,23,22],"class_list":["post-4209","post","type-post","status-publish","format-standard","has-post-thumbnail","hentry","category-municipios-destacados","tag-boca-del-rio","tag-cuitlahuac-garcia-jimenez","tag-el-veracruzano-vip","tag-enterate","tag-juan-manuel-unanue","tag-redes-sociales","tag-secretaria-de-economia","tag-secretaria-de-educacion-publica","tag-secretaria-de-educacion-veracruz","tag-secretaria-de-proteccion-civil-del-estado-de-veracruz","tag-secretaria-del-medio-ambiente","tag-secretaria-del-trabajo-y-prevision-social","tag-ultima-hora","tag-ultimas-noticias","tag-ultimo-minuto"],"_links":{"self":[{"href":"https:\/\/elveracruzano.vip\/index.php?rest_route=\/wp\/v2\/posts\/4209","targetHints":{"allow":["GET"]}}],"collection":[{"href":"https:\/\/elveracruzano.vip\/index.php?rest_route=\/wp\/v2\/posts"}],"about":[{"href":"https:\/\/elveracruzano.vip\/index.php?rest_route=\/wp\/v2\/types\/post"}],"author":[{"embeddable":true,"href":"https:\/\/elveracruzano.vip\/index.php?rest_route=\/wp\/v2\/users\/4"}],"replies":[{"embeddable":true,"href":"https:\/\/elveracruzano.vip\/index.php?rest_route=%2Fwp%2Fv2%2Fcomments&post=4209"}],"version-history":[{"count":2,"href":"https:\/\/elveracruzano.vip\/index.php?rest_route=\/wp\/v2\/posts\/4209\/revisions"}],"predecessor-version":[{"id":4212,"href":"https:\/\/elveracruzano.vip\/index.php?rest_route=\/wp\/v2\/posts\/4209\/revisions\/4212"}],"wp:featuredmedia":[{"embeddable":true,"href":"https:\/\/elveracruzano.vip\/index.php?rest_route=\/wp\/v2\/media\/4210"}],"wp:attachment":[{"href":"https:\/\/elveracruzano.vip\/index.php?rest_route=%2Fwp%2Fv2%2Fmedia&parent=4209"}],"wp:term":[{"taxonomy":"category","embeddable":true,"href":"https:\/\/elveracruzano.vip\/index.php?rest_route=%2Fwp%2Fv2%2Fcategories&post=4209"},{"taxonomy":"post_tag","embeddable":true,"href":"https:\/\/elveracruzano.vip\/index.php?rest_route=%2Fwp%2Fv2%2Ftags&post=4209"}],"curies":[{"name":"wp","href":"https:\/\/api.w.org\/{rel}","templated":true}]}}