{"id":4153,"date":"2022-12-20T18:15:54","date_gmt":"2022-12-21T00:15:54","guid":{"rendered":"http:\/\/elveracruzano.vip\/?p=4153"},"modified":"2022-12-20T18:17:25","modified_gmt":"2022-12-21T00:17:25","slug":"en-la-insurgentes-norte-tambien-pidieron-posada-organizada-por-el-ayuntamiento-de-minatitlan-dramedelpalma-gobminatitlan","status":"publish","type":"post","link":"https:\/\/elveracruzano.vip\/?p=4153","title":{"rendered":"En la Insurgentes Norte tambi\u00e9n pidieron posada organizada por el ayuntamiento de Minatitl\u00e1n \/ @DraMedelPalma @gobminatitlan >>>"},"content":{"rendered":"\n<p class=\"wp-block-paragraph\"><strong>#Minatitl\u00e1n, Ver.-<\/strong> La avenida Leandro Valle de la colonia Insurgentes Norte se convirti\u00f3 en la sede de la tercera posada navide\u00f1a organizada por el Ayuntamiento de Minatitl\u00e1n, d\u00f3nde asistieron m\u00e1s de 500 personas de todas las edades.<\/p>\n\n\n\n<p class=\"wp-block-paragraph\"><a><\/a>Adem\u00e1s de la tradicional partida de pi\u00f1atas, entrega de dulces, bailes, las familias aprovecharon la capilla de la colonia para pedir posada con los villancicos, lo que demuestra el inter\u00e9s de las autoridades por preservar las tradiciones.<\/p>\n\n\n\n<p class=\"wp-block-paragraph\">La presidenta municipal Carmen Medel Palma particip\u00f3 de este festejo, d\u00f3nde aprovech\u00f3 para dialogar y abrazar a sus conciudadanos, quienes agradecieron por este festejo que desde hace d\u00e9cadas no se realizaban en este municipio.<\/p>\n\n\n\n<p class=\"wp-block-paragraph\">Pobladores del sector Framboyan tambi\u00e9n se sumaron a la posada, d\u00f3nde tambi\u00e9n se realizaron concursos, bailes y otras actividades gratuitas.<\/p>\n\n\n\n<p class=\"wp-block-paragraph\">La direcci\u00f3n de Inclusi\u00f3n Social y Desarrollo Econ\u00f3mico municipal, que preside el ingeniero Alejandro Castellanos, en coordinaci\u00f3n con personal de Participaci\u00f3n Ciudadana, tienen la instrucci\u00f3n de la doctora Medel de llevar la fiesta y alegr\u00eda a m\u00e1s colonias de Minatitl\u00e1n, pues es parte de su compromiso como autoridad, ayudar a la reconstrucci\u00f3n del tejido social.<\/p>\n\n\n\n<p class=\"wp-block-paragraph\"><strong>#ElVeracruzanoVIP &#8211; <\/strong><a href=\"https:\/\/www.facebook.com\/ElVeracruzanoVIP\/\">El Veracruzano VIP<\/a><\/p>\n","protected":false},"excerpt":{"rendered":"<p>#Minatitl\u00e1n, Ver.- La avenida Leandro Valle de la colonia Insurgentes Norte se convirti\u00f3 en la sede de la tercera posada<\/p>\n","protected":false},"author":4,"featured_media":4154,"comment_status":"open","ping_status":"open","sticky":false,"template":"","format":"standard","meta":{"colormag_page_container_layout":"default_layout","colormag_page_sidebar_layout":"default_layout","rop_custom_images_group":[],"rop_custom_messages_group":[],"rop_publish_now":"initial","rop_publish_now_accounts":{"facebook_109133384920963_108472061465099":""},"rop_publish_now_history":[],"rop_publish_now_status":"pending","footnotes":""},"categories":[8],"tags":[80,17,26,20,18,39,19,100,97,91,84,98,99,21,23,22],"class_list":["post-4153","post","type-post","status-publish","format-standard","has-post-thumbnail","hentry","category-alcaldesas","tag-carmen-medel-palma","tag-cuitlahuac-garcia-jimenez","tag-el-veracruzano-vip","tag-enterate","tag-gobierno-del-estado-de-veracruz","tag-minatitlan","tag-redes-sociales","tag-secretaria-de-economia","tag-secretaria-de-educacion-publica","tag-secretaria-de-educacion-veracruz","tag-secretaria-de-proteccion-civil-del-estado-de-veracruz","tag-secretaria-del-medio-ambiente","tag-secretaria-del-trabajo-y-prevision-social","tag-ultima-hora","tag-ultimas-noticias","tag-ultimo-minuto"],"_links":{"self":[{"href":"https:\/\/elveracruzano.vip\/index.php?rest_route=\/wp\/v2\/posts\/4153","targetHints":{"allow":["GET"]}}],"collection":[{"href":"https:\/\/elveracruzano.vip\/index.php?rest_route=\/wp\/v2\/posts"}],"about":[{"href":"https:\/\/elveracruzano.vip\/index.php?rest_route=\/wp\/v2\/types\/post"}],"author":[{"embeddable":true,"href":"https:\/\/elveracruzano.vip\/index.php?rest_route=\/wp\/v2\/users\/4"}],"replies":[{"embeddable":true,"href":"https:\/\/elveracruzano.vip\/index.php?rest_route=%2Fwp%2Fv2%2Fcomments&post=4153"}],"version-history":[{"count":2,"href":"https:\/\/elveracruzano.vip\/index.php?rest_route=\/wp\/v2\/posts\/4153\/revisions"}],"predecessor-version":[{"id":4159,"href":"https:\/\/elveracruzano.vip\/index.php?rest_route=\/wp\/v2\/posts\/4153\/revisions\/4159"}],"wp:featuredmedia":[{"embeddable":true,"href":"https:\/\/elveracruzano.vip\/index.php?rest_route=\/wp\/v2\/media\/4154"}],"wp:attachment":[{"href":"https:\/\/elveracruzano.vip\/index.php?rest_route=%2Fwp%2Fv2%2Fmedia&parent=4153"}],"wp:term":[{"taxonomy":"category","embeddable":true,"href":"https:\/\/elveracruzano.vip\/index.php?rest_route=%2Fwp%2Fv2%2Fcategories&post=4153"},{"taxonomy":"post_tag","embeddable":true,"href":"https:\/\/elveracruzano.vip\/index.php?rest_route=%2Fwp%2Fv2%2Ftags&post=4153"}],"curies":[{"name":"wp","href":"https:\/\/api.w.org\/{rel}","templated":true}]}}