{"id":4113,"date":"2022-12-15T12:31:13","date_gmt":"2022-12-15T18:31:13","guid":{"rendered":"http:\/\/elveracruzano.vip\/?p=4113"},"modified":"2022-12-15T12:31:28","modified_gmt":"2022-12-15T18:31:28","slug":"recorrido-virtual-por-el-museo-de-antropologia-2","status":"publish","type":"post","link":"https:\/\/elveracruzano.vip\/?p=4113","title":{"rendered":"<strong>Recorrido virtual por el Museo de Antropologia<\/strong>"},"content":{"rendered":"\n<p><strong>#Eventos.- <\/strong>En esta ocasi\u00f3n se visitar\u00e1 de forma virtual uno de los recintos muse\u00edsticos m\u00e1s importantes del pa\u00eds: el Museo de Antropolog\u00eda. Recorreremos algunas de las salas seleccionando las piezas representativas y de la cultura a la que pertenece.<\/p>\n\n\n\n<p>El recorrido lo narrara el arque\u00f3logo Gerardo Orozco especialista en el tema quien, apoyado en planos, fotograf\u00edas actuales y antiguas nos hablara de la historia del recinto, de las culturas prehisp\u00e1nicas, de la iconograf\u00eda e historia de cada pieza y sala y tu aprender\u00e1s historia, arte, arqueolog\u00eda, iconograf\u00eda y religi\u00f3n.<\/p>\n\n\n\n<p><strong>#ElVeracruzanoVIP &#8211; <\/strong><a href=\"https:\/\/www.facebook.com\/ElVeracruzanoVIP\/\">El Veracruzano VIP<\/a><\/p>\n","protected":false},"excerpt":{"rendered":"<p>#Eventos.- En esta ocasi\u00f3n se visitar\u00e1 de forma virtual uno de los recintos muse\u00edsticos m\u00e1s importantes del pa\u00eds: el Museo<\/p>\n","protected":false},"author":4,"featured_media":4114,"comment_status":"open","ping_status":"open","sticky":false,"template":"","format":"standard","meta":{"colormag_page_container_layout":"default_layout","colormag_page_sidebar_layout":"default_layout","rop_custom_images_group":[],"rop_custom_messages_group":[],"rop_publish_now":"initial","rop_publish_now_accounts":{"facebook_109133384920963_108472061465099":""},"rop_publish_now_history":[],"rop_publish_now_status":"pending","footnotes":""},"categories":[9],"tags":[17,26,20,18,19,91,84,21,23,22],"class_list":["post-4113","post","type-post","status-publish","format-standard","has-post-thumbnail","hentry","category-eventos-especiales","tag-cuitlahuac-garcia-jimenez","tag-el-veracruzano-vip","tag-enterate","tag-gobierno-del-estado-de-veracruz","tag-redes-sociales","tag-secretaria-de-educacion-veracruz","tag-secretaria-de-proteccion-civil-del-estado-de-veracruz","tag-ultima-hora","tag-ultimas-noticias","tag-ultimo-minuto"],"_links":{"self":[{"href":"https:\/\/elveracruzano.vip\/index.php?rest_route=\/wp\/v2\/posts\/4113","targetHints":{"allow":["GET"]}}],"collection":[{"href":"https:\/\/elveracruzano.vip\/index.php?rest_route=\/wp\/v2\/posts"}],"about":[{"href":"https:\/\/elveracruzano.vip\/index.php?rest_route=\/wp\/v2\/types\/post"}],"author":[{"embeddable":true,"href":"https:\/\/elveracruzano.vip\/index.php?rest_route=\/wp\/v2\/users\/4"}],"replies":[{"embeddable":true,"href":"https:\/\/elveracruzano.vip\/index.php?rest_route=%2Fwp%2Fv2%2Fcomments&post=4113"}],"version-history":[{"count":1,"href":"https:\/\/elveracruzano.vip\/index.php?rest_route=\/wp\/v2\/posts\/4113\/revisions"}],"predecessor-version":[{"id":4115,"href":"https:\/\/elveracruzano.vip\/index.php?rest_route=\/wp\/v2\/posts\/4113\/revisions\/4115"}],"wp:featuredmedia":[{"embeddable":true,"href":"https:\/\/elveracruzano.vip\/index.php?rest_route=\/wp\/v2\/media\/4114"}],"wp:attachment":[{"href":"https:\/\/elveracruzano.vip\/index.php?rest_route=%2Fwp%2Fv2%2Fmedia&parent=4113"}],"wp:term":[{"taxonomy":"category","embeddable":true,"href":"https:\/\/elveracruzano.vip\/index.php?rest_route=%2Fwp%2Fv2%2Fcategories&post=4113"},{"taxonomy":"post_tag","embeddable":true,"href":"https:\/\/elveracruzano.vip\/index.php?rest_route=%2Fwp%2Fv2%2Ftags&post=4113"}],"curies":[{"name":"wp","href":"https:\/\/api.w.org\/{rel}","templated":true}]}}