{"id":4107,"date":"2022-12-15T12:24:47","date_gmt":"2022-12-15T18:24:47","guid":{"rendered":"http:\/\/elveracruzano.vip\/?p=4107"},"modified":"2022-12-15T12:24:48","modified_gmt":"2022-12-15T18:24:48","slug":"el-gobierno-municipal-de-coatzacoalcos-instalo-la-gran-villa-coatza-2022-cruzmalpica-coatzagob","status":"publish","type":"post","link":"https:\/\/elveracruzano.vip\/?p=4107","title":{"rendered":"El gobierno municipal de Coatzacoalcos instal\u00f3 \u201cLa Gran Villa Coatza 2022\u201d \/ @CruzMalpica @coatzagob >>>"},"content":{"rendered":"\n<p class=\"wp-block-paragraph\"><strong>#Coatzacoalcos, #Ver.- <\/strong>Durante este fin de semana m\u00e1s de 12 mil personas acudieron a conocer \u201cLa Gran Villa Coatza 2022\u201d que el Gobierno Municipal de Coatzacoalcos que encabeza Amado Jes\u00fas Cruz Malpica, instal\u00f3 para resaltar la Navidad.<\/p>\n\n\n\n<p class=\"wp-block-paragraph\">Desde el 10 de diciembre y hasta el pr\u00f3ximo 8 de enero, \u201cLa Gran Villa Coatza 2022\u201d mantendr\u00e1 sus puertas abiertas para que toda la ciudadan\u00eda de Coatzacoalcos y de municipios aleda\u00f1os disfrute los atractivos colocados en el Parque Central Miguel Hidalgo.<\/p>\n\n\n\n<p class=\"wp-block-paragraph\">Las instalaciones estar\u00e1n abiertas a partir de las 17:00 y hasta las 23:00 horas, horario en el que las personas tendr\u00e1n la oportunidad de recorrer un espacio con tem\u00e1tica 100% decembrina y un montaje de primer nivel, todo totalmente gratis.<\/p>\n\n\n\n<p class=\"wp-block-paragraph\">Ni\u00f1os y adultos podr\u00e1n observar y tomarse fotograf\u00edas con figuras que alcanzan los 2.40 metros de altura como: bastones navide\u00f1os, galletas de jengibre, renos, Blanca Nieves y los Siete Enanos, Santa Claus, el Grinch, los Reyes Magos, mu\u00f1ecos de nieve, estatuas de ping\u00fcinos, t\u00faneles de luz, nevada artificial, estrellas.<\/p>\n\n\n\n<p class=\"wp-block-paragraph\">Uno de los puntos m\u00e1s caracter\u00edsticos de la Villa es el gran pino, con una altura de 20 metros que ilumina con su esplendor sus alrededores.<\/p>\n\n\n\n<p class=\"wp-block-paragraph\"><strong>#ElVeracruzanoVIP &#8211; <\/strong><a href=\"https:\/\/www.facebook.com\/ElVeracruzanoVIP\/\">El Veracruzano VIP<\/a><\/p>\n","protected":false},"excerpt":{"rendered":"<p>#Coatzacoalcos, #Ver.- Durante este fin de semana m\u00e1s de 12 mil personas acudieron a conocer \u201cLa Gran Villa Coatza 2022\u201d<\/p>\n","protected":false},"author":4,"featured_media":4108,"comment_status":"open","ping_status":"open","sticky":false,"template":"","format":"standard","meta":{"colormag_page_container_layout":"default_layout","colormag_page_sidebar_layout":"default_layout","rop_custom_images_group":[],"rop_custom_messages_group":[],"rop_publish_now":"initial","rop_publish_now_accounts":{"facebook_109133384920963_108472061465099":""},"rop_publish_now_history":[],"rop_publish_now_status":"pending","footnotes":""},"categories":[10],"tags":[78,37,17,26,20,18,19,100,97,91,84,98,99,21,23,22],"class_list":["post-4107","post","type-post","status-publish","format-standard","has-post-thumbnail","hentry","category-municipios","tag-amado-cruz-malpica","tag-coatzacoalcos","tag-cuitlahuac-garcia-jimenez","tag-el-veracruzano-vip","tag-enterate","tag-gobierno-del-estado-de-veracruz","tag-redes-sociales","tag-secretaria-de-economia","tag-secretaria-de-educacion-publica","tag-secretaria-de-educacion-veracruz","tag-secretaria-de-proteccion-civil-del-estado-de-veracruz","tag-secretaria-del-medio-ambiente","tag-secretaria-del-trabajo-y-prevision-social","tag-ultima-hora","tag-ultimas-noticias","tag-ultimo-minuto"],"_links":{"self":[{"href":"https:\/\/elveracruzano.vip\/index.php?rest_route=\/wp\/v2\/posts\/4107","targetHints":{"allow":["GET"]}}],"collection":[{"href":"https:\/\/elveracruzano.vip\/index.php?rest_route=\/wp\/v2\/posts"}],"about":[{"href":"https:\/\/elveracruzano.vip\/index.php?rest_route=\/wp\/v2\/types\/post"}],"author":[{"embeddable":true,"href":"https:\/\/elveracruzano.vip\/index.php?rest_route=\/wp\/v2\/users\/4"}],"replies":[{"embeddable":true,"href":"https:\/\/elveracruzano.vip\/index.php?rest_route=%2Fwp%2Fv2%2Fcomments&post=4107"}],"version-history":[{"count":1,"href":"https:\/\/elveracruzano.vip\/index.php?rest_route=\/wp\/v2\/posts\/4107\/revisions"}],"predecessor-version":[{"id":4109,"href":"https:\/\/elveracruzano.vip\/index.php?rest_route=\/wp\/v2\/posts\/4107\/revisions\/4109"}],"wp:featuredmedia":[{"embeddable":true,"href":"https:\/\/elveracruzano.vip\/index.php?rest_route=\/wp\/v2\/media\/4108"}],"wp:attachment":[{"href":"https:\/\/elveracruzano.vip\/index.php?rest_route=%2Fwp%2Fv2%2Fmedia&parent=4107"}],"wp:term":[{"taxonomy":"category","embeddable":true,"href":"https:\/\/elveracruzano.vip\/index.php?rest_route=%2Fwp%2Fv2%2Fcategories&post=4107"},{"taxonomy":"post_tag","embeddable":true,"href":"https:\/\/elveracruzano.vip\/index.php?rest_route=%2Fwp%2Fv2%2Ftags&post=4107"}],"curies":[{"name":"wp","href":"https:\/\/api.w.org\/{rel}","templated":true}]}}