{"id":4093,"date":"2022-12-15T11:50:48","date_gmt":"2022-12-15T17:50:48","guid":{"rendered":"http:\/\/elveracruzano.vip\/?p=4093"},"modified":"2022-12-15T11:50:50","modified_gmt":"2022-12-15T17:50:50","slug":"entrega-ayuntamiento-de-xalapa-apoyo-a-estudiantes-del-icatver-ahuedricardo-aytoxalapa","status":"publish","type":"post","link":"https:\/\/elveracruzano.vip\/?p=4093","title":{"rendered":"Entrega ayuntamiento de Xalapa apoyo a estudiantes del Icatver \/ @ahuedricardo @AytoXalapa >>>"},"content":{"rendered":"\n<p><strong>#Xalapa, #Ver.- <\/strong>Como una forma de fomentar el autoempleo de las mujeres y reconocer su importante participaci\u00f3n en la econom\u00eda local, el Ayuntamiento realiz\u00f3 la distribuci\u00f3n de recursos del Programa de entrega de apoyos al financiamiento para la adquisici\u00f3n de herramientas para el curso de corte de pelo y peinado a estudiantes del Instituto de Capacitaci\u00f3n para el Trabajo del Estado de Veracruz (Icatver).<\/p>\n\n\n\n<p>En la Sala de Cabildo, el presidente municipal Ricardo Ahued Bardahuil destac\u00f3 la colaboraci\u00f3n que existe entre la autoridad local y el Gobierno del Estado, a trav\u00e9s de acciones como esta, que brinda respuestas y resultados a la sociedad.<\/p>\n\n\n\n<p>El director general del Icatver, Miguel \u00c1ngel J\u00e1come Dom\u00ednguez, explic\u00f3 que cada curso impartido por el Instituto tiene el objetivo de fomentar habilidades y conocimientos para mejorar la calidad de vida de las familias.<\/p>\n\n\n\n<p>Las participantes en el curso recibieron recursos para la compra del equipo que les permitir\u00e1 poner en pr\u00e1ctica los conocimientos adquiridos e iniciar su propio negocio.<\/p>\n\n\n\n<p>Asistieron la s\u00edndica \u00fanica, Cecilia Coronel Brizio; la regidora Mar\u00eda Guadalupe M\u00e1rquez Leonardo, el regidor Daniel Fern\u00e1ndez Carri\u00f3n, el secretario del Ayuntamiento, Ram\u00f3n Antonio Ramos Niembro; el director de Desarrollo Social, Alejandro Moreno Hern\u00e1ndez.<\/p>\n\n\n\n<p><strong>#ElVeracruzanoVIP &#8211; <\/strong><a href=\"https:\/\/www.facebook.com\/ElVeracruzanoVIP\/\">El Veracruzano VIP<\/a><\/p>\n","protected":false},"excerpt":{"rendered":"<p>#Xalapa, #Ver.- Como una forma de fomentar el autoempleo de las mujeres y reconocer su importante participaci\u00f3n en la econom\u00eda<\/p>\n","protected":false},"author":4,"featured_media":4094,"comment_status":"open","ping_status":"open","sticky":false,"template":"","format":"standard","meta":{"colormag_page_container_layout":"default_layout","colormag_page_sidebar_layout":"default_layout","rop_custom_images_group":[],"rop_custom_messages_group":[],"rop_publish_now":"initial","rop_publish_now_accounts":{"facebook_109133384920963_108472061465099":""},"rop_publish_now_history":[],"rop_publish_now_status":"pending","footnotes":""},"categories":[11],"tags":[17,26,20,18,19,77,100,97,91,84,98,99,21,23,22,32],"class_list":["post-4093","post","type-post","status-publish","format-standard","has-post-thumbnail","hentry","category-municipios-destacados","tag-cuitlahuac-garcia-jimenez","tag-el-veracruzano-vip","tag-enterate","tag-gobierno-del-estado-de-veracruz","tag-redes-sociales","tag-ricardo-ahued-bardahuil","tag-secretaria-de-economia","tag-secretaria-de-educacion-publica","tag-secretaria-de-educacion-veracruz","tag-secretaria-de-proteccion-civil-del-estado-de-veracruz","tag-secretaria-del-medio-ambiente","tag-secretaria-del-trabajo-y-prevision-social","tag-ultima-hora","tag-ultimas-noticias","tag-ultimo-minuto","tag-xalapa"],"_links":{"self":[{"href":"https:\/\/elveracruzano.vip\/index.php?rest_route=\/wp\/v2\/posts\/4093","targetHints":{"allow":["GET"]}}],"collection":[{"href":"https:\/\/elveracruzano.vip\/index.php?rest_route=\/wp\/v2\/posts"}],"about":[{"href":"https:\/\/elveracruzano.vip\/index.php?rest_route=\/wp\/v2\/types\/post"}],"author":[{"embeddable":true,"href":"https:\/\/elveracruzano.vip\/index.php?rest_route=\/wp\/v2\/users\/4"}],"replies":[{"embeddable":true,"href":"https:\/\/elveracruzano.vip\/index.php?rest_route=%2Fwp%2Fv2%2Fcomments&post=4093"}],"version-history":[{"count":1,"href":"https:\/\/elveracruzano.vip\/index.php?rest_route=\/wp\/v2\/posts\/4093\/revisions"}],"predecessor-version":[{"id":4095,"href":"https:\/\/elveracruzano.vip\/index.php?rest_route=\/wp\/v2\/posts\/4093\/revisions\/4095"}],"wp:featuredmedia":[{"embeddable":true,"href":"https:\/\/elveracruzano.vip\/index.php?rest_route=\/wp\/v2\/media\/4094"}],"wp:attachment":[{"href":"https:\/\/elveracruzano.vip\/index.php?rest_route=%2Fwp%2Fv2%2Fmedia&parent=4093"}],"wp:term":[{"taxonomy":"category","embeddable":true,"href":"https:\/\/elveracruzano.vip\/index.php?rest_route=%2Fwp%2Fv2%2Fcategories&post=4093"},{"taxonomy":"post_tag","embeddable":true,"href":"https:\/\/elveracruzano.vip\/index.php?rest_route=%2Fwp%2Fv2%2Ftags&post=4093"}],"curies":[{"name":"wp","href":"https:\/\/api.w.org\/{rel}","templated":true}]}}