{"id":4022,"date":"2022-12-08T17:09:57","date_gmt":"2022-12-08T23:09:57","guid":{"rendered":"http:\/\/elveracruzano.vip\/?p=4022"},"modified":"2022-12-08T17:09:58","modified_gmt":"2022-12-08T23:09:58","slug":"veracruz-promotor-del-rescate-y-revaloracion-del-patrimonio-y-las-expresiones-culturales-cuitlahuacgj-gobiernover","status":"publish","type":"post","link":"https:\/\/elveracruzano.vip\/?p=4022","title":{"rendered":"Veracruz, promotor del rescate y revaloraci\u00f3n del patrimonio y las expresiones culturales \/ @CuitlahuacGJ @GobiernoVer"},"content":{"rendered":"\n<p><strong>#Veracruz.- <\/strong>Este Pueblo M\u00e1gico de las Altas Monta\u00f1as reunir\u00e1 m\u00e1s de mil 500 bailarines, 400 m\u00fasicos y 200 artesanos tradicionales de 14 entidades en el segundo Festival Nacional de M\u00e1scaras Danzantes, del 15 al 18 de diciembre, con el prop\u00f3sito de difundir, salvaguardar y revalorar el patrimonio cultural.<\/p>\n\n\n\n<p>\u201cSeguro alcanzaremos una ocupaci\u00f3n del cien por ciento en la regi\u00f3n, no s\u00f3lo por los participantes sino por los turistas que, obviamente, generar\u00e1n una gran derrama econ\u00f3mica, estabilidad social y orgullo por nuestras tradiciones y nuestro estado\u201d, expres\u00f3 el titular de la Secretar\u00eda de Turismo y Cultura, Iv\u00e1n Francisco Mart\u00ednez Olvera.<\/p>\n\n\n\n<p>Las calles de Coscomatepec se vestir\u00e1n de colores con atuendos, m\u00e1scaras representativas de pueblos originarios y bailes que obedecen a mandas, promesas, sacrificios y la fidelidad a la herencia de padres y abuelos; mientras los municipios de Chocam\u00e1n, Ixhuatl\u00e1n del Caf\u00e9 y Tomatl\u00e1n ser\u00e1n escenario de talleres de elaboraci\u00f3n de m\u00e1scaras, conferencias magistrales y charlas a cargo de cronistas locales.<\/p>\n\n\n\n<p>En d\u00edas pasados, el secretario de Turismo federal, Miguel Torruco Marqu\u00e9s, reconoci\u00f3 a Veracruz como facilitador, promotor y guardi\u00e1n de las tradiciones mexicanas; por tal motivo es el lugar id\u00f3neo para presentar un producto tur\u00edstico alineado al nuevo perfil del viajero que busca nuevas experiencias, el contacto con las comunidades, su cultura y el entorno natural.<\/p>\n\n\n\n<p>#<strong>ElVeracruzanoVIP &#8211; <a href=\"https:\/\/www.facebook.com\/ElVeracruzanoVIP\/\">El Veracruzano VIP<\/a><\/strong><\/p>\n","protected":false},"excerpt":{"rendered":"<p>#Veracruz.- Este Pueblo M\u00e1gico de las Altas Monta\u00f1as reunir\u00e1 m\u00e1s de mil 500 bailarines, 400 m\u00fasicos y 200 artesanos tradicionales<\/p>\n","protected":false},"author":4,"featured_media":4023,"comment_status":"open","ping_status":"open","sticky":false,"template":"","format":"standard","meta":{"colormag_page_container_layout":"default_layout","colormag_page_sidebar_layout":"default_layout","rop_custom_images_group":[],"rop_custom_messages_group":[],"rop_publish_now":"initial","rop_publish_now_accounts":{"facebook_109133384920963_108472061465099":""},"rop_publish_now_history":[],"rop_publish_now_status":"pending","footnotes":""},"categories":[16],"tags":[17,26,20,19,100,97,91,84,98,99,21,23,22],"class_list":["post-4022","post","type-post","status-publish","format-standard","has-post-thumbnail","hentry","category-ultima-hora","tag-cuitlahuac-garcia-jimenez","tag-el-veracruzano-vip","tag-enterate","tag-redes-sociales","tag-secretaria-de-economia","tag-secretaria-de-educacion-publica","tag-secretaria-de-educacion-veracruz","tag-secretaria-de-proteccion-civil-del-estado-de-veracruz","tag-secretaria-del-medio-ambiente","tag-secretaria-del-trabajo-y-prevision-social","tag-ultima-hora","tag-ultimas-noticias","tag-ultimo-minuto"],"_links":{"self":[{"href":"https:\/\/elveracruzano.vip\/index.php?rest_route=\/wp\/v2\/posts\/4022","targetHints":{"allow":["GET"]}}],"collection":[{"href":"https:\/\/elveracruzano.vip\/index.php?rest_route=\/wp\/v2\/posts"}],"about":[{"href":"https:\/\/elveracruzano.vip\/index.php?rest_route=\/wp\/v2\/types\/post"}],"author":[{"embeddable":true,"href":"https:\/\/elveracruzano.vip\/index.php?rest_route=\/wp\/v2\/users\/4"}],"replies":[{"embeddable":true,"href":"https:\/\/elveracruzano.vip\/index.php?rest_route=%2Fwp%2Fv2%2Fcomments&post=4022"}],"version-history":[{"count":1,"href":"https:\/\/elveracruzano.vip\/index.php?rest_route=\/wp\/v2\/posts\/4022\/revisions"}],"predecessor-version":[{"id":4024,"href":"https:\/\/elveracruzano.vip\/index.php?rest_route=\/wp\/v2\/posts\/4022\/revisions\/4024"}],"wp:featuredmedia":[{"embeddable":true,"href":"https:\/\/elveracruzano.vip\/index.php?rest_route=\/wp\/v2\/media\/4023"}],"wp:attachment":[{"href":"https:\/\/elveracruzano.vip\/index.php?rest_route=%2Fwp%2Fv2%2Fmedia&parent=4022"}],"wp:term":[{"taxonomy":"category","embeddable":true,"href":"https:\/\/elveracruzano.vip\/index.php?rest_route=%2Fwp%2Fv2%2Fcategories&post=4022"},{"taxonomy":"post_tag","embeddable":true,"href":"https:\/\/elveracruzano.vip\/index.php?rest_route=%2Fwp%2Fv2%2Ftags&post=4022"}],"curies":[{"name":"wp","href":"https:\/\/api.w.org\/{rel}","templated":true}]}}