{"id":3990,"date":"2022-12-06T17:19:52","date_gmt":"2022-12-06T23:19:52","guid":{"rendered":"http:\/\/elveracruzano.vip\/?p=3990"},"modified":"2022-12-06T17:20:44","modified_gmt":"2022-12-06T23:20:44","slug":"concluye-en-el-municipio-de-coatepec-en-veracruz-el-segundo-desfile-navideno-raymundoandradr-gobcoatepec","status":"publish","type":"post","link":"https:\/\/elveracruzano.vip\/?p=3990","title":{"rendered":"Concluye en el municipio de Coatepec, en Veracruz, el segundo desfile navide\u00f1o \/ @RaymundoAndradR @GobCoatepec >>>"},"content":{"rendered":"\n<p><strong>#Coatepec, #Ver.- <\/strong>Se llev\u00f3 a cabo el Segundo Desfile Navide\u00f1o, Comercios Unidos Coatepecanos, en donde desfilaron m\u00e1s de cien comercios locales caracterizados con m\u00e1scaras, maquillaje y botargas de las festividades navide\u00f1as.<\/p>\n\n\n\n<p>Al evento acudi\u00f3 el Alcalde Raymundo Andrade Rivera, acompa\u00f1ado de la Regidora Segunda, Tizania Quijada L\u00f3pez; Regidora Tercera, Nelly Vianey Hern\u00e1ndez V\u00e1zquez; Regidora Cuarta, Sof\u00eda Leticia Viveros Colorado; Regidor Quinto, Edson Tejada Corona; Regidora Octava, Mar\u00eda Guadalupe Dom\u00ednguez Murrieta.<\/p>\n\n\n\n<figure class=\"wp-block-image aligncenter size-medium is-resized\"><img loading=\"lazy\" decoding=\"async\" src=\"http:\/\/elveracruzano.vip\/wp-content\/uploads\/2022\/12\/coatepec-tex-300x200.jpg\" alt=\"\" class=\"wp-image-3991\" width=\"442\" height=\"295\" srcset=\"https:\/\/elveracruzano.vip\/wp-content\/uploads\/2022\/12\/coatepec-tex-300x200.jpg 300w, https:\/\/elveracruzano.vip\/wp-content\/uploads\/2022\/12\/coatepec-tex-1024x683.jpg 1024w, https:\/\/elveracruzano.vip\/wp-content\/uploads\/2022\/12\/coatepec-tex-768x512.jpg 768w, https:\/\/elveracruzano.vip\/wp-content\/uploads\/2022\/12\/coatepec-tex-1536x1025.jpg 1536w, https:\/\/elveracruzano.vip\/wp-content\/uploads\/2022\/12\/coatepec-tex-600x400.jpg 600w, https:\/\/elveracruzano.vip\/wp-content\/uploads\/2022\/12\/coatepec-tex.jpg 1910w\" sizes=\"auto, (max-width: 442px) 100vw, 442px\" \/><\/figure>\n\n\n\n<p><strong>#ElVeracruzanoVIP &#8211; <\/strong><a href=\"https:\/\/www.facebook.com\/ElVeracruzanoVIP\/\">El Veracruzano VIP<\/a><\/p>\n","protected":false},"excerpt":{"rendered":"<p>#Coatepec, #Ver.- Se llev\u00f3 a cabo el Segundo Desfile Navide\u00f1o, Comercios Unidos Coatepecanos, en donde desfilaron m\u00e1s de cien comercios<\/p>\n","protected":false},"author":4,"featured_media":3992,"comment_status":"open","ping_status":"open","sticky":false,"template":"","format":"standard","meta":{"colormag_page_container_layout":"default_layout","colormag_page_sidebar_layout":"default_layout","rop_custom_images_group":[],"rop_custom_messages_group":[],"rop_publish_now":"initial","rop_publish_now_accounts":{"facebook_109133384920963_108472061465099":""},"rop_publish_now_history":[],"rop_publish_now_status":"pending","footnotes":""},"categories":[10],"tags":[40,17,20,18,73,19,100,97,91,84,98,99,21,23,22],"class_list":["post-3990","post","type-post","status-publish","format-standard","has-post-thumbnail","hentry","category-municipios","tag-coatepec","tag-cuitlahuac-garcia-jimenez","tag-enterate","tag-gobierno-del-estado-de-veracruz","tag-raymundo-andrade-rivera","tag-redes-sociales","tag-secretaria-de-economia","tag-secretaria-de-educacion-publica","tag-secretaria-de-educacion-veracruz","tag-secretaria-de-proteccion-civil-del-estado-de-veracruz","tag-secretaria-del-medio-ambiente","tag-secretaria-del-trabajo-y-prevision-social","tag-ultima-hora","tag-ultimas-noticias","tag-ultimo-minuto"],"_links":{"self":[{"href":"https:\/\/elveracruzano.vip\/index.php?rest_route=\/wp\/v2\/posts\/3990","targetHints":{"allow":["GET"]}}],"collection":[{"href":"https:\/\/elveracruzano.vip\/index.php?rest_route=\/wp\/v2\/posts"}],"about":[{"href":"https:\/\/elveracruzano.vip\/index.php?rest_route=\/wp\/v2\/types\/post"}],"author":[{"embeddable":true,"href":"https:\/\/elveracruzano.vip\/index.php?rest_route=\/wp\/v2\/users\/4"}],"replies":[{"embeddable":true,"href":"https:\/\/elveracruzano.vip\/index.php?rest_route=%2Fwp%2Fv2%2Fcomments&post=3990"}],"version-history":[{"count":3,"href":"https:\/\/elveracruzano.vip\/index.php?rest_route=\/wp\/v2\/posts\/3990\/revisions"}],"predecessor-version":[{"id":3996,"href":"https:\/\/elveracruzano.vip\/index.php?rest_route=\/wp\/v2\/posts\/3990\/revisions\/3996"}],"wp:featuredmedia":[{"embeddable":true,"href":"https:\/\/elveracruzano.vip\/index.php?rest_route=\/wp\/v2\/media\/3992"}],"wp:attachment":[{"href":"https:\/\/elveracruzano.vip\/index.php?rest_route=%2Fwp%2Fv2%2Fmedia&parent=3990"}],"wp:term":[{"taxonomy":"category","embeddable":true,"href":"https:\/\/elveracruzano.vip\/index.php?rest_route=%2Fwp%2Fv2%2Fcategories&post=3990"},{"taxonomy":"post_tag","embeddable":true,"href":"https:\/\/elveracruzano.vip\/index.php?rest_route=%2Fwp%2Fv2%2Ftags&post=3990"}],"curies":[{"name":"wp","href":"https:\/\/api.w.org\/{rel}","templated":true}]}}