{"id":3986,"date":"2022-12-06T17:02:03","date_gmt":"2022-12-06T23:02:03","guid":{"rendered":"http:\/\/elveracruzano.vip\/?p=3986"},"modified":"2022-12-06T17:02:05","modified_gmt":"2022-12-06T23:02:05","slug":"cumple-alcaldesa-con-trabajadores-del-ayuntamiento-de-tijuana-baja-california-montserrat4t-gobtijuanamx","status":"publish","type":"post","link":"https:\/\/elveracruzano.vip\/?p=3986","title":{"rendered":"Cumple Alcaldesa con trabajadores del ayuntamiento de Tijuana, Baja California \/ @Montserrat4T @gobtijuanamx >>>"},"content":{"rendered":"\n<p><strong>#Tijuana, B.C.- <\/strong>Como parte de su pol\u00edtica de Transparencia, Montserrat Caballero Ram\u00edrez, alcaldesa de Tijuana, cumpli\u00f3 en tiempo y forma con la parte proporcional del aguinaldo a todos los servidores p\u00fablicos del XXlV Ayuntamiento.<\/p>\n\n\n\n<p>Desde el inicio de su administraci\u00f3n, Caballero Ram\u00edrez demostr\u00f3 que estar\u00eda por llegar la transformaci\u00f3n a la ciudad para garantizar un gobierno de puertas abiertas, acci\u00f3n que lo respald\u00f3 con la firma de convenio con el Comisionado del Instituto Nacional de Transparencia, Acceso a la Informaci\u00f3n y Protecci\u00f3n de Datos Personales (INAI), Adri\u00e1n Alcal\u00e1 M\u00e9ndez.<\/p>\n\n\n\n<p>De acuerdo al informe del Oficial Mayor, Marcelo de Jes\u00fas Machain Serv\u00edn, la ma\u00f1ana de este viernes 2 de diciembre, qued\u00f3 cubierta la parte correspondiente del aguinaldo a todos los servidores p\u00fablicos de la administraci\u00f3n municipal actual, con la finalidad, de que al inicio del a\u00f1o 2023, reciban la segunda parte en busca de impulsar finanzas sanas.<\/p>\n\n\n\n<p>Tijuana, de los pocos municipios en el pa\u00eds en suscribirse a un acuerdo de cuentas claras, cumpli\u00f3 con los acuerdos que se tienen con aquellos que d\u00eda a d\u00eda trabajan en equipo por una mejor Tijuana, ya que la clase trabajadora, de donde la alcaldesa sali\u00f3 y se siente orgullosa, son el soporte de esta ciudad y de toda la econom\u00eda.<\/p>\n\n\n\n<p><strong>#ElVeracruzanoVIP &#8211; <\/strong><a href=\"https:\/\/www.facebook.com\/ElVeracruzanoVIP\/\">El Veracruzano VIP<\/a><\/p>\n","protected":false},"excerpt":{"rendered":"<p>#Tijuana, B.C.- Como parte de su pol\u00edtica de Transparencia, Montserrat Caballero Ram\u00edrez, alcaldesa de Tijuana, cumpli\u00f3 en tiempo y forma<\/p>\n","protected":false},"author":4,"featured_media":3989,"comment_status":"open","ping_status":"open","sticky":false,"template":"","format":"standard","meta":{"colormag_page_container_layout":"default_layout","colormag_page_sidebar_layout":"default_layout","rop_custom_images_group":[],"rop_custom_messages_group":[],"rop_publish_now":"initial","rop_publish_now_accounts":{"facebook_109133384920963_108472061465099":""},"rop_publish_now_history":[],"rop_publish_now_status":"pending","footnotes":""},"categories":[12],"tags":[68,17,26,20,95,19,100,97,91,84,98,99,21,23,22],"class_list":["post-3986","post","type-post","status-publish","format-standard","has-post-thumbnail","hentry","category-municipios-en-mexico","tag-ayuntamiento-de-tijuana","tag-cuitlahuac-garcia-jimenez","tag-el-veracruzano-vip","tag-enterate","tag-montserrat-caballero-ramirez","tag-redes-sociales","tag-secretaria-de-economia","tag-secretaria-de-educacion-publica","tag-secretaria-de-educacion-veracruz","tag-secretaria-de-proteccion-civil-del-estado-de-veracruz","tag-secretaria-del-medio-ambiente","tag-secretaria-del-trabajo-y-prevision-social","tag-ultima-hora","tag-ultimas-noticias","tag-ultimo-minuto"],"_links":{"self":[{"href":"https:\/\/elveracruzano.vip\/index.php?rest_route=\/wp\/v2\/posts\/3986","targetHints":{"allow":["GET"]}}],"collection":[{"href":"https:\/\/elveracruzano.vip\/index.php?rest_route=\/wp\/v2\/posts"}],"about":[{"href":"https:\/\/elveracruzano.vip\/index.php?rest_route=\/wp\/v2\/types\/post"}],"author":[{"embeddable":true,"href":"https:\/\/elveracruzano.vip\/index.php?rest_route=\/wp\/v2\/users\/4"}],"replies":[{"embeddable":true,"href":"https:\/\/elveracruzano.vip\/index.php?rest_route=%2Fwp%2Fv2%2Fcomments&post=3986"}],"version-history":[{"count":1,"href":"https:\/\/elveracruzano.vip\/index.php?rest_route=\/wp\/v2\/posts\/3986\/revisions"}],"predecessor-version":[{"id":3988,"href":"https:\/\/elveracruzano.vip\/index.php?rest_route=\/wp\/v2\/posts\/3986\/revisions\/3988"}],"wp:featuredmedia":[{"embeddable":true,"href":"https:\/\/elveracruzano.vip\/index.php?rest_route=\/wp\/v2\/media\/3989"}],"wp:attachment":[{"href":"https:\/\/elveracruzano.vip\/index.php?rest_route=%2Fwp%2Fv2%2Fmedia&parent=3986"}],"wp:term":[{"taxonomy":"category","embeddable":true,"href":"https:\/\/elveracruzano.vip\/index.php?rest_route=%2Fwp%2Fv2%2Fcategories&post=3986"},{"taxonomy":"post_tag","embeddable":true,"href":"https:\/\/elveracruzano.vip\/index.php?rest_route=%2Fwp%2Fv2%2Ftags&post=3986"}],"curies":[{"name":"wp","href":"https:\/\/api.w.org\/{rel}","templated":true}]}}