{"id":3983,"date":"2022-12-06T16:53:10","date_gmt":"2022-12-06T22:53:10","guid":{"rendered":"http:\/\/elveracruzano.vip\/?p=3983"},"modified":"2022-12-06T16:53:12","modified_gmt":"2022-12-06T22:53:12","slug":"en-veracruz-reconocemos-a-quienes-cuidan-nuestra-salud-pese-a-intereses-particulares-cuitlahuac-garcia-cuitlahuacgj-gobiernover","status":"publish","type":"post","link":"https:\/\/elveracruzano.vip\/?p=3983","title":{"rendered":"En Veracruz reconocemos a quienes cuidan nuestra salud pese a intereses particulares; Cuitl\u00e1huac Garc\u00eda \/ @CuitlahuacGJ @GobiernoVer >>>"},"content":{"rendered":"\n<p><strong>#Veracruz.-<\/strong> En Veracruz reconocemos con mucho honor a quienes cuidan de nuestra salud contra intereses transnacionales, expres\u00f3 el gobernador Cuitl\u00e1huac Garc\u00eda Jim\u00e9nez, tras otorgar la Medalla y Diploma Adolfo Ruiz Cortines a Manuel \u00c1ngel G\u00f3mez Cruz por su labor, investigaci\u00f3n y aportaciones a la agricultura org\u00e1nica y el sector productivo del estado.<\/p>\n\n\n\n<p>En sesi\u00f3n solemne de la LXVI Legislatura, agradeci\u00f3 al galardonado su contribuci\u00f3n \u201ca una de las actividades que permiten que comamos todos, con una visi\u00f3n de desarrollo rural\u201d, celebrando que mediante su labor haga referencia a la discusi\u00f3n de la reforma a Ley General de Salud en el Senado, porque hasta all\u00e1 tiene que llegar el mensaje; en este caso, gracias a hombres y mujeres que han entregado su conocimiento y dedicado gran parte de su vida al bienestar com\u00fan.<\/p>\n\n\n\n<p>Acompa\u00f1ado por presidentas del Tribunal Superior de Justicia y de la Mesa Directiva del Congreso, magistrada Lisbeth Aurelia Jim\u00e9nez Aguirre y diputada Margarita Corro Mendoza, el mandatario agreg\u00f3 que la presea lleva el nombre de aquel veracruzano que supo distinguir cu\u00e1ndo servir a la naci\u00f3n libre y democr\u00e1tica antes que a los intereses mezquinos de unos cuantos ap\u00e1tridas.<\/p>\n\n\n\n<p>En su intervenci\u00f3n, la legisladora record\u00f3 al expresidente Ruiz Cortines como impulsor del progreso social al forjar instituciones p\u00fablicas trascendentales y otorgar a las mujeres el derecho a votar, adem\u00e1s de instaurar el aguinaldo para los trabajadores del Estado; mientras expres\u00f3 la admiraci\u00f3n y respeto de los Poderes de Veracruz al galardonado, pues no hay l\u00edmites cuando se trata de cumplir sue\u00f1os y metas de vida. \u201cAs\u00ed nos lo ense\u00f1o Don Adolfo y as\u00ed nos lo ense\u00f1a usted\u201d.<\/p>\n\n\n\n<p><strong>#ElVeracruzanoVIP &#8211; <\/strong><a href=\"https:\/\/www.facebook.com\/ElVeracruzanoVIP\/\">El Veracruzano VIP<\/a><\/p>\n","protected":false},"excerpt":{"rendered":"<p>#Veracruz.- En Veracruz reconocemos con mucho honor a quienes cuidan de nuestra salud contra intereses transnacionales, expres\u00f3 el gobernador Cuitl\u00e1huac<\/p>\n","protected":false},"author":4,"featured_media":3984,"comment_status":"open","ping_status":"open","sticky":false,"template":"","format":"standard","meta":{"colormag_page_container_layout":"default_layout","colormag_page_sidebar_layout":"default_layout","rop_custom_images_group":[],"rop_custom_messages_group":[],"rop_publish_now":"initial","rop_publish_now_accounts":{"facebook_109133384920963_108472061465099":""},"rop_publish_now_history":[],"rop_publish_now_status":"pending","footnotes":""},"categories":[16],"tags":[17,26,20,19,100,97,91,84,98,99,21,23,22],"class_list":["post-3983","post","type-post","status-publish","format-standard","has-post-thumbnail","hentry","category-ultima-hora","tag-cuitlahuac-garcia-jimenez","tag-el-veracruzano-vip","tag-enterate","tag-redes-sociales","tag-secretaria-de-economia","tag-secretaria-de-educacion-publica","tag-secretaria-de-educacion-veracruz","tag-secretaria-de-proteccion-civil-del-estado-de-veracruz","tag-secretaria-del-medio-ambiente","tag-secretaria-del-trabajo-y-prevision-social","tag-ultima-hora","tag-ultimas-noticias","tag-ultimo-minuto"],"_links":{"self":[{"href":"https:\/\/elveracruzano.vip\/index.php?rest_route=\/wp\/v2\/posts\/3983","targetHints":{"allow":["GET"]}}],"collection":[{"href":"https:\/\/elveracruzano.vip\/index.php?rest_route=\/wp\/v2\/posts"}],"about":[{"href":"https:\/\/elveracruzano.vip\/index.php?rest_route=\/wp\/v2\/types\/post"}],"author":[{"embeddable":true,"href":"https:\/\/elveracruzano.vip\/index.php?rest_route=\/wp\/v2\/users\/4"}],"replies":[{"embeddable":true,"href":"https:\/\/elveracruzano.vip\/index.php?rest_route=%2Fwp%2Fv2%2Fcomments&post=3983"}],"version-history":[{"count":1,"href":"https:\/\/elveracruzano.vip\/index.php?rest_route=\/wp\/v2\/posts\/3983\/revisions"}],"predecessor-version":[{"id":3985,"href":"https:\/\/elveracruzano.vip\/index.php?rest_route=\/wp\/v2\/posts\/3983\/revisions\/3985"}],"wp:featuredmedia":[{"embeddable":true,"href":"https:\/\/elveracruzano.vip\/index.php?rest_route=\/wp\/v2\/media\/3984"}],"wp:attachment":[{"href":"https:\/\/elveracruzano.vip\/index.php?rest_route=%2Fwp%2Fv2%2Fmedia&parent=3983"}],"wp:term":[{"taxonomy":"category","embeddable":true,"href":"https:\/\/elveracruzano.vip\/index.php?rest_route=%2Fwp%2Fv2%2Fcategories&post=3983"},{"taxonomy":"post_tag","embeddable":true,"href":"https:\/\/elveracruzano.vip\/index.php?rest_route=%2Fwp%2Fv2%2Ftags&post=3983"}],"curies":[{"name":"wp","href":"https:\/\/api.w.org\/{rel}","templated":true}]}}