{"id":3975,"date":"2022-12-06T16:41:39","date_gmt":"2022-12-06T22:41:39","guid":{"rendered":"http:\/\/elveracruzano.vip\/?p=3975"},"modified":"2022-12-06T16:41:41","modified_gmt":"2022-12-06T22:41:41","slug":"con-trabajo-y-cercania-la-obra-publica-llega-a-todo-boca-del-rio-veracruz-jm_unanue-_bocadelrio","status":"publish","type":"post","link":"https:\/\/elveracruzano.vip\/?p=3975","title":{"rendered":"Con Trabajo y Cercan\u00eda, la obra p\u00fablica llega a todo Boca del R\u00edo, Veracruz \/ @JM_UNANUE @_BocadelRio >>>"},"content":{"rendered":"\n<p><strong>#BocaDelR\u00edo, #Ver.- <\/strong>M\u00e1s de 36 kil\u00f3metros de calles pavimentadas, lo que se traduce en 3 bulevares completos, acciones que, de manera simult\u00e1nea, se realizan en todo el municipio, porque la intenci\u00f3n es que Boca del R\u00edo avance parejo.<\/p>\n\n\n\n<p>M\u00e1s del 70 por ciento del presupuesto de este a\u00f1o 2022 correspondiente al Plan General de Inversi\u00f3n, se destin\u00f3 a colonias populares, destac\u00f3 el Alcalde de Boca del R\u00edo, Juan Manuel Un\u00e1nue Abascal.<\/p>\n\n\n\n<p>\u201cConocemos perfectamente bien las necesidades de la gente de Boca del R\u00edo y tambi\u00e9n de la ciudad, tenemos un panorama muy claro de lo que vamos a hacer durante los cuatro a\u00f1os de administraci\u00f3n\u201d.<\/p>\n\n\n\n<p>Al ser un municipio con vocaci\u00f3n tur\u00edstica, desde los primeros 100 d\u00edas de gobierno, se atendi\u00f3 y rehabilit\u00f3 diversos puntos por donde transitan miles de visitantes y locales a lo largo del a\u00f1o, tal es el caso de la Avenida Juan Palo II en su Primera Etapa, donde los m\u00e1s de 13 mil metros cuadrados en el tramo que va del Bulevar Manuel \u00c1vila Camacho al Bulevar Adolfo Ruiz Cortines se pavimentaron con concreto hidr\u00e1ulico.<\/p>\n\n\n\n<p>Tras recorrer el municipio decenas de veces, el Alcalde boque\u00f1o ha ido recogiendo las inquietudes ciudadanas, convirti\u00e9ndolas en hechos cumplidos, impulsando la confianza de los habitantes en torno a sus autoridades locales; un gobierno cercano, sensible y de puertas abiertas.<\/p>\n\n\n\n<p><strong>#ElVeracruzanoVIP &#8211; <\/strong><a href=\"https:\/\/www.facebook.com\/ElVeracruzanoVIP\/\">El Veracruzano VIP<\/a><\/p>\n","protected":false},"excerpt":{"rendered":"<p>#BocaDelR\u00edo, #Ver.- M\u00e1s de 36 kil\u00f3metros de calles pavimentadas, lo que se traduce en 3 bulevares completos, acciones que, de<\/p>\n","protected":false},"author":4,"featured_media":3976,"comment_status":"open","ping_status":"open","sticky":false,"template":"","format":"standard","meta":{"colormag_page_container_layout":"default_layout","colormag_page_sidebar_layout":"default_layout","rop_custom_images_group":[],"rop_custom_messages_group":[],"rop_publish_now":"initial","rop_publish_now_accounts":{"facebook_109133384920963_108472061465099":""},"rop_publish_now_history":[],"rop_publish_now_status":"pending","footnotes":""},"categories":[11,1],"tags":[35,17,26,20,18,34,19,100,97,91,84,98,99,21,23],"class_list":["post-3975","post","type-post","status-publish","format-standard","has-post-thumbnail","hentry","category-municipios-destacados","category-uncategorized","tag-boca-del-rio","tag-cuitlahuac-garcia-jimenez","tag-el-veracruzano-vip","tag-enterate","tag-gobierno-del-estado-de-veracruz","tag-juan-manuel-unanue","tag-redes-sociales","tag-secretaria-de-economia","tag-secretaria-de-educacion-publica","tag-secretaria-de-educacion-veracruz","tag-secretaria-de-proteccion-civil-del-estado-de-veracruz","tag-secretaria-del-medio-ambiente","tag-secretaria-del-trabajo-y-prevision-social","tag-ultima-hora","tag-ultimas-noticias"],"_links":{"self":[{"href":"https:\/\/elveracruzano.vip\/index.php?rest_route=\/wp\/v2\/posts\/3975","targetHints":{"allow":["GET"]}}],"collection":[{"href":"https:\/\/elveracruzano.vip\/index.php?rest_route=\/wp\/v2\/posts"}],"about":[{"href":"https:\/\/elveracruzano.vip\/index.php?rest_route=\/wp\/v2\/types\/post"}],"author":[{"embeddable":true,"href":"https:\/\/elveracruzano.vip\/index.php?rest_route=\/wp\/v2\/users\/4"}],"replies":[{"embeddable":true,"href":"https:\/\/elveracruzano.vip\/index.php?rest_route=%2Fwp%2Fv2%2Fcomments&post=3975"}],"version-history":[{"count":1,"href":"https:\/\/elveracruzano.vip\/index.php?rest_route=\/wp\/v2\/posts\/3975\/revisions"}],"predecessor-version":[{"id":3977,"href":"https:\/\/elveracruzano.vip\/index.php?rest_route=\/wp\/v2\/posts\/3975\/revisions\/3977"}],"wp:featuredmedia":[{"embeddable":true,"href":"https:\/\/elveracruzano.vip\/index.php?rest_route=\/wp\/v2\/media\/3976"}],"wp:attachment":[{"href":"https:\/\/elveracruzano.vip\/index.php?rest_route=%2Fwp%2Fv2%2Fmedia&parent=3975"}],"wp:term":[{"taxonomy":"category","embeddable":true,"href":"https:\/\/elveracruzano.vip\/index.php?rest_route=%2Fwp%2Fv2%2Fcategories&post=3975"},{"taxonomy":"post_tag","embeddable":true,"href":"https:\/\/elveracruzano.vip\/index.php?rest_route=%2Fwp%2Fv2%2Ftags&post=3975"}],"curies":[{"name":"wp","href":"https:\/\/api.w.org\/{rel}","templated":true}]}}