{"id":3944,"date":"2022-12-01T09:01:31","date_gmt":"2022-12-01T15:01:31","guid":{"rendered":"http:\/\/elveracruzano.vip\/?p=3944"},"modified":"2022-12-01T09:01:32","modified_gmt":"2022-12-01T15:01:32","slug":"capacitan-a-servidores-publicos-sobre-la-libertad-de-expresion-y-derechos-humanos-en-coatzacoalcos-veracruz-cruzmalpica-coatzagob","status":"publish","type":"post","link":"https:\/\/elveracruzano.vip\/?p=3944","title":{"rendered":"Capacitan a servidores p\u00fablicos sobre la \u201cLibertad de Expresi\u00f3n y Derechos Humanos\u201d en Coatzacoalcos, Veracruz \/ @CruzMalpica @coatzagob >>>"},"content":{"rendered":"\n<p><strong>#Coatzacoalcos, #Ver.-<\/strong> Funcionarios del Ayuntamiento de Coatzacoalcos asistieron a la pl\u00e1tica \u201cLibertad de Expresi\u00f3n y Derechos Humanos\u201d impartida por Comisi\u00f3n Estatal para la Atenci\u00f3n y Protecci\u00f3n de los Periodistas (CEAPP) la ma\u00f1ana de este martes en la Sala de Cabildo<\/p>\n\n\n\n<p>La directora de Comunicaci\u00f3n Social, Uma Freya Cort\u00e9s Rom\u00e1n, manifest\u00f3 que el objetivo es fortalecer la coordinaci\u00f3n entre el Gobierno que preside Amado Cruz Malpica y la CEAPP, as\u00ed como reafirmar el compromiso de garantizar la libertad de expresi\u00f3n y los derechos humanos a quienes ejercen la labor period\u00edstica en este municipio.<\/p>\n\n\n\n<p>En representaci\u00f3n del Secretario Ejecutivo de este Organismo Aut\u00f3nomo, Israel Hern\u00e1ndez Sosa, el comisionado Fluvio C\u00e9sar Mart\u00ednez G\u00f3mez, expres\u00f3 que como parte del Programa Estrat\u00e9gico de Libertad de Expresi\u00f3n, buscan prevenir agravios a las y los periodistas desde el \u00e1mbito local, y mejorar las condiciones de la actividad informativa.<\/p>\n\n\n\n<p>El curso fue impartido por la jefa de la Unidad de Transparencia, Idalia Hern\u00e1ndez G\u00f3mez y cont\u00f3 con la participaci\u00f3n de regidores, directores, jefes y personal de distintas \u00e1reas del Gobierno de Coatzacoalcos, a quienes se les explic\u00f3 el papel que representan frente a la libertad de expresi\u00f3n y se les otorg\u00f3 herramientas jur\u00eddicas para la defensa de los derechos humanos.<\/p>\n\n\n\n<p><strong>#ElVeracruzanoVIP &#8211; <\/strong><a href=\"https:\/\/www.facebook.com\/ElVeracruzanoVIP\/\">El Veracruzano VIP<\/a><\/p>\n","protected":false},"excerpt":{"rendered":"<p>#Coatzacoalcos, #Ver.- Funcionarios del Ayuntamiento de Coatzacoalcos asistieron a la pl\u00e1tica \u201cLibertad de Expresi\u00f3n y Derechos Humanos\u201d impartida por Comisi\u00f3n<\/p>\n","protected":false},"author":4,"featured_media":3945,"comment_status":"open","ping_status":"open","sticky":false,"template":"","format":"standard","meta":{"colormag_page_container_layout":"default_layout","colormag_page_sidebar_layout":"default_layout","rop_custom_images_group":[],"rop_custom_messages_group":[],"rop_publish_now":"initial","rop_publish_now_accounts":{"facebook_109133384920963_108472061465099":""},"rop_publish_now_history":[],"rop_publish_now_status":"pending","footnotes":""},"categories":[10],"tags":[78,37,17,26,20,18,19,100,97,91,84,98,99,21,23,22],"class_list":["post-3944","post","type-post","status-publish","format-standard","has-post-thumbnail","hentry","category-municipios","tag-amado-cruz-malpica","tag-coatzacoalcos","tag-cuitlahuac-garcia-jimenez","tag-el-veracruzano-vip","tag-enterate","tag-gobierno-del-estado-de-veracruz","tag-redes-sociales","tag-secretaria-de-economia","tag-secretaria-de-educacion-publica","tag-secretaria-de-educacion-veracruz","tag-secretaria-de-proteccion-civil-del-estado-de-veracruz","tag-secretaria-del-medio-ambiente","tag-secretaria-del-trabajo-y-prevision-social","tag-ultima-hora","tag-ultimas-noticias","tag-ultimo-minuto"],"_links":{"self":[{"href":"https:\/\/elveracruzano.vip\/index.php?rest_route=\/wp\/v2\/posts\/3944","targetHints":{"allow":["GET"]}}],"collection":[{"href":"https:\/\/elveracruzano.vip\/index.php?rest_route=\/wp\/v2\/posts"}],"about":[{"href":"https:\/\/elveracruzano.vip\/index.php?rest_route=\/wp\/v2\/types\/post"}],"author":[{"embeddable":true,"href":"https:\/\/elveracruzano.vip\/index.php?rest_route=\/wp\/v2\/users\/4"}],"replies":[{"embeddable":true,"href":"https:\/\/elveracruzano.vip\/index.php?rest_route=%2Fwp%2Fv2%2Fcomments&post=3944"}],"version-history":[{"count":1,"href":"https:\/\/elveracruzano.vip\/index.php?rest_route=\/wp\/v2\/posts\/3944\/revisions"}],"predecessor-version":[{"id":3946,"href":"https:\/\/elveracruzano.vip\/index.php?rest_route=\/wp\/v2\/posts\/3944\/revisions\/3946"}],"wp:featuredmedia":[{"embeddable":true,"href":"https:\/\/elveracruzano.vip\/index.php?rest_route=\/wp\/v2\/media\/3945"}],"wp:attachment":[{"href":"https:\/\/elveracruzano.vip\/index.php?rest_route=%2Fwp%2Fv2%2Fmedia&parent=3944"}],"wp:term":[{"taxonomy":"category","embeddable":true,"href":"https:\/\/elveracruzano.vip\/index.php?rest_route=%2Fwp%2Fv2%2Fcategories&post=3944"},{"taxonomy":"post_tag","embeddable":true,"href":"https:\/\/elveracruzano.vip\/index.php?rest_route=%2Fwp%2Fv2%2Ftags&post=3944"}],"curies":[{"name":"wp","href":"https:\/\/api.w.org\/{rel}","templated":true}]}}