{"id":389,"date":"2022-01-07T12:15:53","date_gmt":"2022-01-07T18:15:53","guid":{"rendered":"http:\/\/elveracruzano.vip\/?p=389"},"modified":"2022-01-07T12:15:54","modified_gmt":"2022-01-07T18:15:54","slug":"municipio-de-minatitlan-reitera-su-compromiso-con-la-instancia-de-salud-de-la-zona-rural","status":"publish","type":"post","link":"https:\/\/elveracruzano.vip\/?p=389","title":{"rendered":"Municipio de Minatitl\u00e1n reitera su compromiso con la instancia de salud de la zona rural"},"content":{"rendered":"\n<p><strong>#Minatitl\u00e1n<\/strong>, <strong>#Ver<\/strong>.- Como parte de las actividades llevadas a cabo este jueves 7 de enero, la presidenta municipal Carmen Medel Palma, hizo un recorrido por la zona rural de Capoacan perteneciente al municipio de Minatitl\u00e1n, d\u00f3nde reiter\u00f3 su compromiso haciendo hincapi\u00e9 a los ejes rectores de la administraci\u00f3n con los que est\u00e1 trabajando y uno de los principales puntos son \u00abFortalecer el desarrollo sano de las y los habitantes\u00bb promoviendo el cuidado de las salud.<\/p>\n\n\n\n<p>Por ello la edil en estos primeros d\u00edas de la administraci\u00f3n se ha preocupado por saber las necesidades no s\u00f3lo del municipio, sino tambi\u00e9n de la zona rural, donde exhort\u00f3 a los encargados de esta dependencia a seguir trabajando en conjunto, para as\u00ed desarrollar estrategias que ayuden a sumar fuerzas para mejorar la salud de la poblaci\u00f3n.<\/p>\n\n\n\n<p>Medel Palma reafirm\u00f3 su compromiso con seguir apoyando con la renta del inmueble y como doctora dar\u00e1 respuesta inmediata ante una situaci\u00f3n de emergencia que se presente en la zona.<\/p>\n\n\n\n<p><strong>#ElVeracruzanoVip<\/strong><\/p>\n","protected":false},"excerpt":{"rendered":"<p>#Minatitl\u00e1n, #Ver.- Como parte de las actividades llevadas a cabo este jueves 7 de enero, la presidenta municipal Carmen Medel<\/p>\n","protected":false},"author":5,"featured_media":390,"comment_status":"open","ping_status":"open","sticky":false,"template":"","format":"standard","meta":{"colormag_page_container_layout":"default_layout","colormag_page_sidebar_layout":"default_layout","rop_custom_images_group":[],"rop_custom_messages_group":[],"rop_publish_now":"initial","rop_publish_now_accounts":{"facebook_109133384920963_108472061465099":""},"rop_publish_now_history":[],"rop_publish_now_status":"pending","footnotes":""},"categories":[8],"tags":[26,20,18,39,19,21,23,22],"class_list":["post-389","post","type-post","status-publish","format-standard","has-post-thumbnail","hentry","category-alcaldesas","tag-el-veracruzano-vip","tag-enterate","tag-gobierno-del-estado-de-veracruz","tag-minatitlan","tag-redes-sociales","tag-ultima-hora","tag-ultimas-noticias","tag-ultimo-minuto"],"_links":{"self":[{"href":"https:\/\/elveracruzano.vip\/index.php?rest_route=\/wp\/v2\/posts\/389","targetHints":{"allow":["GET"]}}],"collection":[{"href":"https:\/\/elveracruzano.vip\/index.php?rest_route=\/wp\/v2\/posts"}],"about":[{"href":"https:\/\/elveracruzano.vip\/index.php?rest_route=\/wp\/v2\/types\/post"}],"author":[{"embeddable":true,"href":"https:\/\/elveracruzano.vip\/index.php?rest_route=\/wp\/v2\/users\/5"}],"replies":[{"embeddable":true,"href":"https:\/\/elveracruzano.vip\/index.php?rest_route=%2Fwp%2Fv2%2Fcomments&post=389"}],"version-history":[{"count":1,"href":"https:\/\/elveracruzano.vip\/index.php?rest_route=\/wp\/v2\/posts\/389\/revisions"}],"predecessor-version":[{"id":391,"href":"https:\/\/elveracruzano.vip\/index.php?rest_route=\/wp\/v2\/posts\/389\/revisions\/391"}],"wp:featuredmedia":[{"embeddable":true,"href":"https:\/\/elveracruzano.vip\/index.php?rest_route=\/wp\/v2\/media\/390"}],"wp:attachment":[{"href":"https:\/\/elveracruzano.vip\/index.php?rest_route=%2Fwp%2Fv2%2Fmedia&parent=389"}],"wp:term":[{"taxonomy":"category","embeddable":true,"href":"https:\/\/elveracruzano.vip\/index.php?rest_route=%2Fwp%2Fv2%2Fcategories&post=389"},{"taxonomy":"post_tag","embeddable":true,"href":"https:\/\/elveracruzano.vip\/index.php?rest_route=%2Fwp%2Fv2%2Ftags&post=389"}],"curies":[{"name":"wp","href":"https:\/\/api.w.org\/{rel}","templated":true}]}}