{"id":3882,"date":"2022-11-29T08:44:43","date_gmt":"2022-11-29T14:44:43","guid":{"rendered":"http:\/\/elveracruzano.vip\/?p=3882"},"modified":"2022-11-29T09:19:45","modified_gmt":"2022-11-29T15:19:45","slug":"el-presidente-andres-manuel-entrega-premio-nacional-de-deportes-2022-lopezobrador_-gobiernomx","status":"publish","type":"post","link":"https:\/\/elveracruzano.vip\/?p=3882","title":{"rendered":"El Presidente Andr\u00e9s Manuel, entrega Premio Nacional de Deportes 2022 \/ @lopezobrador_ @GobiernoMX >>>"},"content":{"rendered":"\n<p><strong>&nbsp;#GobiernoDeMexico.- <\/strong>\u201cQuiero anunciar que ya para los Juegos Panamericanos, Centroamericanos del a\u00f1o pr\u00f3ximo vamos a entregar apoyos directos a todos los participantes, como lo hemos hecho en otras ocasiones, adem\u00e1s de sus becas. El a\u00f1o pr\u00f3ximo se van a entregar fondos a cada uno de los que van a participar en estas competencias y van a representar a nuestro pa\u00eds.\u201d<\/p>\n\n\n\n<p>As\u00ed lo anunci\u00f3 el presidente Andr\u00e9s Manuel L\u00f3pez Obrador al entregar el Premio Nacional de Deportes 2022 desde Palacio Nacional, donde subray\u00f3 que se trata de un reconocimiento a la perseverancia, el esfuerzo y la disciplina de atletas, as\u00ed como a sus familias, entrenadores y amigos.<\/p>\n\n\n\n<p>El primer mandatario subray\u00f3 que la contribuci\u00f3n de las personas distinguidas radica en que son ejemplo e inspiraci\u00f3n para ni\u00f1os y adolescentes para salir adelante.<\/p>\n\n\n\n<p>\u201cMuchas gracias a todas, a todos ustedes por su aportaci\u00f3n al deporte, que es aportar al desarrollo, es aportar a nuestro querido M\u00e9xico.\u201d<\/p>\n\n\n\n<p>Al anunciar que a partir de 2023 se entregar\u00e1n apoyos directos a cada participante de competencias en las que representen a M\u00e9xico, agradeci\u00f3 a empresas patrocinadoras y record\u00f3 que el gobierno destina parte del presupuesto a ayudar a deportistas desde el Instituto para Devolver al Pueblo lo Robado (Indep).<\/p>\n\n\n\n<p><strong>#ElVeracruzanoVIP &#8211; <\/strong><a href=\"https:\/\/www.facebook.com\/ElVeracruzanoVIP\/\">El Veracruzano VIP<\/a><\/p>\n","protected":false},"excerpt":{"rendered":"<p>&nbsp;#GobiernoDeMexico.- \u201cQuiero anunciar que ya para los Juegos Panamericanos, Centroamericanos del a\u00f1o pr\u00f3ximo vamos a entregar apoyos directos a todos<\/p>\n","protected":false},"author":4,"featured_media":3883,"comment_status":"open","ping_status":"open","sticky":false,"template":"","format":"standard","meta":{"colormag_page_container_layout":"default_layout","colormag_page_sidebar_layout":"default_layout","rop_custom_images_group":[],"rop_custom_messages_group":[],"rop_publish_now":"initial","rop_publish_now_accounts":{"facebook_109133384920963_108472061465099":""},"rop_publish_now_history":[],"rop_publish_now_status":"pending","footnotes":""},"categories":[13],"tags":[28,17,26,20,29,18,19,100,97,91,84,98,99,21,23,22],"class_list":["post-3882","post","type-post","status-publish","format-standard","has-post-thumbnail","hentry","category-principales","tag-andres-manuel-lopez-obrado","tag-cuitlahuac-garcia-jimenez","tag-el-veracruzano-vip","tag-enterate","tag-gobierno-de-mexico","tag-gobierno-del-estado-de-veracruz","tag-redes-sociales","tag-secretaria-de-economia","tag-secretaria-de-educacion-publica","tag-secretaria-de-educacion-veracruz","tag-secretaria-de-proteccion-civil-del-estado-de-veracruz","tag-secretaria-del-medio-ambiente","tag-secretaria-del-trabajo-y-prevision-social","tag-ultima-hora","tag-ultimas-noticias","tag-ultimo-minuto"],"_links":{"self":[{"href":"https:\/\/elveracruzano.vip\/index.php?rest_route=\/wp\/v2\/posts\/3882","targetHints":{"allow":["GET"]}}],"collection":[{"href":"https:\/\/elveracruzano.vip\/index.php?rest_route=\/wp\/v2\/posts"}],"about":[{"href":"https:\/\/elveracruzano.vip\/index.php?rest_route=\/wp\/v2\/types\/post"}],"author":[{"embeddable":true,"href":"https:\/\/elveracruzano.vip\/index.php?rest_route=\/wp\/v2\/users\/4"}],"replies":[{"embeddable":true,"href":"https:\/\/elveracruzano.vip\/index.php?rest_route=%2Fwp%2Fv2%2Fcomments&post=3882"}],"version-history":[{"count":2,"href":"https:\/\/elveracruzano.vip\/index.php?rest_route=\/wp\/v2\/posts\/3882\/revisions"}],"predecessor-version":[{"id":3899,"href":"https:\/\/elveracruzano.vip\/index.php?rest_route=\/wp\/v2\/posts\/3882\/revisions\/3899"}],"wp:featuredmedia":[{"embeddable":true,"href":"https:\/\/elveracruzano.vip\/index.php?rest_route=\/wp\/v2\/media\/3883"}],"wp:attachment":[{"href":"https:\/\/elveracruzano.vip\/index.php?rest_route=%2Fwp%2Fv2%2Fmedia&parent=3882"}],"wp:term":[{"taxonomy":"category","embeddable":true,"href":"https:\/\/elveracruzano.vip\/index.php?rest_route=%2Fwp%2Fv2%2Fcategories&post=3882"},{"taxonomy":"post_tag","embeddable":true,"href":"https:\/\/elveracruzano.vip\/index.php?rest_route=%2Fwp%2Fv2%2Ftags&post=3882"}],"curies":[{"name":"wp","href":"https:\/\/api.w.org\/{rel}","templated":true}]}}