{"id":3878,"date":"2022-11-24T10:55:47","date_gmt":"2022-11-24T16:55:47","guid":{"rendered":"http:\/\/elveracruzano.vip\/?p=3878"},"modified":"2022-11-24T10:55:48","modified_gmt":"2022-11-24T16:55:48","slug":"caminata-y-campamento-arqueo-astronomico-solsticio-de-invierno-2022-en-el-cerro-de-las-cruces","status":"publish","type":"post","link":"https:\/\/elveracruzano.vip\/?p=3878","title":{"rendered":"Caminata y campamento arqueo astron\u00f3mico: solsticio de invierno 2022 en el cerro de las Cruces"},"content":{"rendered":"\n<p><strong>#Eventos.-<\/strong> Campamento arqueo astron\u00f3mico en el paraje Piedra Larga, en el cerro de las Cruces, al sur de la CDMX, en donde se encuentra un marcador calend\u00e1rico de paisaje, de origen prehisp\u00e1nico, que se alinea con el volc\u00e1n Popocat\u00e9petl y el Sol en el amanecer del primer d\u00eda del invierno, un acontecimiento sumamente importante para muchas sociedades en el mundo desde tiempos pret\u00e9ritos; y, creo que es el momento de hacerlo.<\/p>\n\n\n\n<p><strong>#ElVeracruzanoVIP &#8211; <a href=\"https:\/\/www.facebook.com\/ElVeracruzanoVIP\/\">El Veracruzano VIP<\/a><\/strong><\/p>\n","protected":false},"excerpt":{"rendered":"<p>#Eventos.- Campamento arqueo astron\u00f3mico en el paraje Piedra Larga, en el cerro de las Cruces, al sur de la CDMX,<\/p>\n","protected":false},"author":4,"featured_media":3879,"comment_status":"open","ping_status":"open","sticky":false,"template":"","format":"standard","meta":{"colormag_page_container_layout":"default_layout","colormag_page_sidebar_layout":"default_layout","rop_custom_images_group":[],"rop_custom_messages_group":[],"rop_publish_now":"initial","rop_publish_now_accounts":{"facebook_109133384920963_108472061465099":""},"rop_publish_now_history":[],"rop_publish_now_status":"pending","footnotes":""},"categories":[9],"tags":[17,26,20,18,19,91,84,21,23,22],"class_list":["post-3878","post","type-post","status-publish","format-standard","has-post-thumbnail","hentry","category-eventos-especiales","tag-cuitlahuac-garcia-jimenez","tag-el-veracruzano-vip","tag-enterate","tag-gobierno-del-estado-de-veracruz","tag-redes-sociales","tag-secretaria-de-educacion-veracruz","tag-secretaria-de-proteccion-civil-del-estado-de-veracruz","tag-ultima-hora","tag-ultimas-noticias","tag-ultimo-minuto"],"_links":{"self":[{"href":"https:\/\/elveracruzano.vip\/index.php?rest_route=\/wp\/v2\/posts\/3878","targetHints":{"allow":["GET"]}}],"collection":[{"href":"https:\/\/elveracruzano.vip\/index.php?rest_route=\/wp\/v2\/posts"}],"about":[{"href":"https:\/\/elveracruzano.vip\/index.php?rest_route=\/wp\/v2\/types\/post"}],"author":[{"embeddable":true,"href":"https:\/\/elveracruzano.vip\/index.php?rest_route=\/wp\/v2\/users\/4"}],"replies":[{"embeddable":true,"href":"https:\/\/elveracruzano.vip\/index.php?rest_route=%2Fwp%2Fv2%2Fcomments&post=3878"}],"version-history":[{"count":1,"href":"https:\/\/elveracruzano.vip\/index.php?rest_route=\/wp\/v2\/posts\/3878\/revisions"}],"predecessor-version":[{"id":3880,"href":"https:\/\/elveracruzano.vip\/index.php?rest_route=\/wp\/v2\/posts\/3878\/revisions\/3880"}],"wp:featuredmedia":[{"embeddable":true,"href":"https:\/\/elveracruzano.vip\/index.php?rest_route=\/wp\/v2\/media\/3879"}],"wp:attachment":[{"href":"https:\/\/elveracruzano.vip\/index.php?rest_route=%2Fwp%2Fv2%2Fmedia&parent=3878"}],"wp:term":[{"taxonomy":"category","embeddable":true,"href":"https:\/\/elveracruzano.vip\/index.php?rest_route=%2Fwp%2Fv2%2Fcategories&post=3878"},{"taxonomy":"post_tag","embeddable":true,"href":"https:\/\/elveracruzano.vip\/index.php?rest_route=%2Fwp%2Fv2%2Ftags&post=3878"}],"curies":[{"name":"wp","href":"https:\/\/api.w.org\/{rel}","templated":true}]}}