{"id":3796,"date":"2022-11-22T08:42:56","date_gmt":"2022-11-22T14:42:56","guid":{"rendered":"http:\/\/elveracruzano.vip\/?p=3796"},"modified":"2022-11-22T09:31:54","modified_gmt":"2022-11-22T15:31:54","slug":"instruye-alcalde-recuperacion-de-proyecto-para-zonas-metropolitanas-en-el-ayuntamiento-de-cordoba-veracruz-pdtejuanmtnez-aytocordobaver","status":"publish","type":"post","link":"https:\/\/elveracruzano.vip\/?p=3796","title":{"rendered":"Instruye Alcalde recuperaci\u00f3n de proyecto para Zonas Metropolitanas en el Ayuntamiento de C\u00f3rdoba, Veracruz \/ @PdteJuanMtnez @AytoCordobaVer >>>"},"content":{"rendered":"\n<p><strong>#C\u00f3rdoba, #Veracruz.-<\/strong> Con el fin de impulsar la gobernanza metropolitana, planear y promover el reordenamiento territorial, desarrollo urbano y regional, el Ayuntamiento de C\u00f3rdoba trabaja en la recuperaci\u00f3n de este proyecto.<\/p>\n\n\n\n<p>Fernando Morales Cruz, secretario del Ayuntamiento de C\u00f3rdoba inform\u00f3 lo anterior y dijo que esto fue aprobado en Sesi\u00f3n de Cabildo en pasados meses;<\/p>\n\n\n\n<p>\u201cEl Cabildo Cordob\u00e9s sesion\u00f3 y aprob\u00f3 participar en el convenio de coordinaci\u00f3n para impulsar la gobernanza Metropolitana, integrada por los municipios de Amatl\u00e1n, Fort\u00edn, Yanga y C\u00f3rdoba\u00bb.<\/p>\n\n\n\n<p>El convenio se form\u00f3 ante la SEDESOL y la SEDATU, con esto se activar\u00eda de nueva cuenta, la Zona Metropolitana conformada por estos municipios, de tal forma que se lleva a la conformaci\u00f3n de una Comisi\u00f3n de Ordenamiento Metropolitano y un Consejo Consultivo de Desarrollo Metropolitano como instancia de gobernanza y gesti\u00f3n.<\/p>\n\n\n\n<p>Precis\u00f3 que un objetivo del alcalde, Juan Mart\u00ednez Flores es impulsar este convenio a nivel Metropolitano y bajo sus instrucciones se han visitado a estos municipios para trabajar en coordinaci\u00f3n.<\/p>\n\n\n\n<p><strong>#ElVeracruzanoVIP &#8211;<\/strong> <a href=\"https:\/\/www.facebook.com\/ElVeracruzanoVIP\/\"><strong>El Veracruzano VIP<\/strong><\/a><\/p>\n","protected":false},"excerpt":{"rendered":"<p>#C\u00f3rdoba, #Veracruz.- Con el fin de impulsar la gobernanza metropolitana, planear y promover el reordenamiento territorial, desarrollo urbano y regional,<\/p>\n","protected":false},"author":4,"featured_media":3797,"comment_status":"open","ping_status":"open","sticky":false,"template":"","format":"standard","meta":{"colormag_page_container_layout":"default_layout","colormag_page_sidebar_layout":"default_layout","rop_custom_images_group":[],"rop_custom_messages_group":[],"rop_publish_now":"initial","rop_publish_now_accounts":{"facebook_109133384920963_108472061465099":""},"rop_publish_now_history":[],"rop_publish_now_status":"pending","footnotes":""},"categories":[11],"tags":[36,17,82,26,20,18,66,19,100,97,91,84,98,99,21,23,22,33],"class_list":["post-3796","post","type-post","status-publish","format-standard","has-post-thumbnail","hentry","category-municipios-destacados","tag-cordoba","tag-cuitlahuac-garcia-jimenez","tag-dif-cordoba","tag-el-veracruzano-vip","tag-enterate","tag-gobierno-del-estado-de-veracruz","tag-juan-martinez-flores","tag-redes-sociales","tag-secretaria-de-economia","tag-secretaria-de-educacion-publica","tag-secretaria-de-educacion-veracruz","tag-secretaria-de-proteccion-civil-del-estado-de-veracruz","tag-secretaria-del-medio-ambiente","tag-secretaria-del-trabajo-y-prevision-social","tag-ultima-hora","tag-ultimas-noticias","tag-ultimo-minuto","tag-veracruz"],"_links":{"self":[{"href":"https:\/\/elveracruzano.vip\/index.php?rest_route=\/wp\/v2\/posts\/3796","targetHints":{"allow":["GET"]}}],"collection":[{"href":"https:\/\/elveracruzano.vip\/index.php?rest_route=\/wp\/v2\/posts"}],"about":[{"href":"https:\/\/elveracruzano.vip\/index.php?rest_route=\/wp\/v2\/types\/post"}],"author":[{"embeddable":true,"href":"https:\/\/elveracruzano.vip\/index.php?rest_route=\/wp\/v2\/users\/4"}],"replies":[{"embeddable":true,"href":"https:\/\/elveracruzano.vip\/index.php?rest_route=%2Fwp%2Fv2%2Fcomments&post=3796"}],"version-history":[{"count":3,"href":"https:\/\/elveracruzano.vip\/index.php?rest_route=\/wp\/v2\/posts\/3796\/revisions"}],"predecessor-version":[{"id":3808,"href":"https:\/\/elveracruzano.vip\/index.php?rest_route=\/wp\/v2\/posts\/3796\/revisions\/3808"}],"wp:featuredmedia":[{"embeddable":true,"href":"https:\/\/elveracruzano.vip\/index.php?rest_route=\/wp\/v2\/media\/3797"}],"wp:attachment":[{"href":"https:\/\/elveracruzano.vip\/index.php?rest_route=%2Fwp%2Fv2%2Fmedia&parent=3796"}],"wp:term":[{"taxonomy":"category","embeddable":true,"href":"https:\/\/elveracruzano.vip\/index.php?rest_route=%2Fwp%2Fv2%2Fcategories&post=3796"},{"taxonomy":"post_tag","embeddable":true,"href":"https:\/\/elveracruzano.vip\/index.php?rest_route=%2Fwp%2Fv2%2Ftags&post=3796"}],"curies":[{"name":"wp","href":"https:\/\/api.w.org\/{rel}","templated":true}]}}