{"id":3779,"date":"2022-11-17T10:59:34","date_gmt":"2022-11-17T16:59:34","guid":{"rendered":"http:\/\/elveracruzano.vip\/?p=3779"},"modified":"2022-11-17T10:59:35","modified_gmt":"2022-11-17T16:59:35","slug":"el-programa-municipal-mision-tlacuache-sigue-fomentando-el-reciclaje-en-escuelas-de-coatzacoalcos-veracruz-cruzmalpica-coatzagob","status":"publish","type":"post","link":"https:\/\/elveracruzano.vip\/?p=3779","title":{"rendered":"El programa municipal Misi\u00f3n Tlacuache sigue fomentando el reciclaje en escuelas de Coatzacoalcos, Veracruz \/ @CruzMalpica @coatzagob >>>"},"content":{"rendered":"\n<p><strong>#Coatzacoalcos, #Ver<\/strong>.- M\u00e1s de 120 estudiantes del CADI de la colonia Francisco Villa se integraron al programa Misi\u00f3n Tlacuache que coordina la Direcci\u00f3n de Educaci\u00f3n del Gobierno Municipal de Coatzacoalcos y que tiene como finalidad fomentar el cuidado del medio ambiente reduciendo la cantidad de desechos al aire libre.<\/p>\n\n\n\n<p>La titular del \u00e1rea, Yolanda Garc\u00eda Garay, en coordinaci\u00f3n con la maestra Yumira Pe\u00f1a Alem\u00e1n, subdirectora de Educaci\u00f3n, han visitado 65 escuelas de la ciudad en donde maestros, ni\u00f1os, y padres de familia recolectan los residuos que se generen en la instituci\u00f3n y en los hogares para intercambiarlos por pintura, impermeabilizante, entre otros materiales.<\/p>\n\n\n\n<p>\u201cCada escuela nos pide que la visitemos para que vaya el reciclador, entreguen su material y reciban un apoyo que les sirve para embellecer sus instituciones y al mismo tiempo cuidan el medio ambiente\u201d, dijo Garc\u00eda Garay.<\/p>\n\n\n\n<p>Haciendo sinergia con el programa municipal, empresas privadas como Domino\u2019s Pizza han donado de sus productos para premiar a los ni\u00f1os que resultaron ganadores en el concurso de reciclaje.<\/p>\n\n\n\n<p><strong>#ElVeracruzanoVIP<\/strong> &#8211; <a href=\"https:\/\/www.facebook.com\/ElVeracruzanoVIP\/\"><strong>El Veracruzano VIP<\/strong><\/a><\/p>\n","protected":false},"excerpt":{"rendered":"<p>#Coatzacoalcos, #Ver.- M\u00e1s de 120 estudiantes del CADI de la colonia Francisco Villa se integraron al programa Misi\u00f3n Tlacuache que<\/p>\n","protected":false},"author":4,"featured_media":3780,"comment_status":"open","ping_status":"open","sticky":false,"template":"","format":"standard","meta":{"colormag_page_container_layout":"default_layout","colormag_page_sidebar_layout":"default_layout","rop_custom_images_group":[],"rop_custom_messages_group":[],"rop_publish_now":"initial","rop_publish_now_accounts":{"facebook_109133384920963_108472061465099":""},"rop_publish_now_history":[],"rop_publish_now_status":"pending","footnotes":""},"categories":[10],"tags":[78,37,17,26,20,18,19,100,97,91,84,98,99,21,23,22],"class_list":["post-3779","post","type-post","status-publish","format-standard","has-post-thumbnail","hentry","category-municipios","tag-amado-cruz-malpica","tag-coatzacoalcos","tag-cuitlahuac-garcia-jimenez","tag-el-veracruzano-vip","tag-enterate","tag-gobierno-del-estado-de-veracruz","tag-redes-sociales","tag-secretaria-de-economia","tag-secretaria-de-educacion-publica","tag-secretaria-de-educacion-veracruz","tag-secretaria-de-proteccion-civil-del-estado-de-veracruz","tag-secretaria-del-medio-ambiente","tag-secretaria-del-trabajo-y-prevision-social","tag-ultima-hora","tag-ultimas-noticias","tag-ultimo-minuto"],"_links":{"self":[{"href":"https:\/\/elveracruzano.vip\/index.php?rest_route=\/wp\/v2\/posts\/3779","targetHints":{"allow":["GET"]}}],"collection":[{"href":"https:\/\/elveracruzano.vip\/index.php?rest_route=\/wp\/v2\/posts"}],"about":[{"href":"https:\/\/elveracruzano.vip\/index.php?rest_route=\/wp\/v2\/types\/post"}],"author":[{"embeddable":true,"href":"https:\/\/elveracruzano.vip\/index.php?rest_route=\/wp\/v2\/users\/4"}],"replies":[{"embeddable":true,"href":"https:\/\/elveracruzano.vip\/index.php?rest_route=%2Fwp%2Fv2%2Fcomments&post=3779"}],"version-history":[{"count":1,"href":"https:\/\/elveracruzano.vip\/index.php?rest_route=\/wp\/v2\/posts\/3779\/revisions"}],"predecessor-version":[{"id":3781,"href":"https:\/\/elveracruzano.vip\/index.php?rest_route=\/wp\/v2\/posts\/3779\/revisions\/3781"}],"wp:featuredmedia":[{"embeddable":true,"href":"https:\/\/elveracruzano.vip\/index.php?rest_route=\/wp\/v2\/media\/3780"}],"wp:attachment":[{"href":"https:\/\/elveracruzano.vip\/index.php?rest_route=%2Fwp%2Fv2%2Fmedia&parent=3779"}],"wp:term":[{"taxonomy":"category","embeddable":true,"href":"https:\/\/elveracruzano.vip\/index.php?rest_route=%2Fwp%2Fv2%2Fcategories&post=3779"},{"taxonomy":"post_tag","embeddable":true,"href":"https:\/\/elveracruzano.vip\/index.php?rest_route=%2Fwp%2Fv2%2Ftags&post=3779"}],"curies":[{"name":"wp","href":"https:\/\/api.w.org\/{rel}","templated":true}]}}