{"id":3747,"date":"2022-11-10T21:01:39","date_gmt":"2022-11-11T03:01:39","guid":{"rendered":"http:\/\/elveracruzano.vip\/?p=3747"},"modified":"2022-11-10T21:01:41","modified_gmt":"2022-11-11T03:01:41","slug":"entrega-alcaldesa-de-veracruz-patricia-lobeira-donativo-a-la-cruz-roja-mexicana-patyyunes-ayuntamientover","status":"publish","type":"post","link":"https:\/\/elveracruzano.vip\/?p=3747","title":{"rendered":"Entrega alcaldesa de Veracruz, Patricia Lobeira, donativo a la Cruz Roja Mexicana \/ @PatyYunes @AyuntamientoVer >>>"},"content":{"rendered":"\n<p><strong>#Veracruz, #Ver<\/strong>.- Como una muestra de apoyo y solidaridad, la alcaldesa Patricia Lobeira de Yunes hizo entrega al delegado de la Cruz Roja en el Estado de Veracruz, Oswaldo Jes\u00fas Ficachi Figueroa, de un donativo por 500 mil pesos, arrancando as\u00ed la Colecta 2022 de esta benem\u00e9rita instituci\u00f3n.<\/p>\n\n\n\n<p>\u201cLa labor que hace la Cruz Roja es muy grande; est\u00e1n en la zona conurbada y atienden much\u00edsimos casos de emergencia, para esto necesitan recursos y por eso es importante para nosotros dar este donativo e invitar a la poblaci\u00f3n a que se sume a esta gran colecta y que puedan recaudar muchos m\u00e1s recursos para seguir apoyando a todas las personas\u201d, destac\u00f3 la Alcaldesa.<\/p>\n\n\n\n<p>Manifest\u00f3 que adem\u00e1s del donativo, otra de las acciones que realizar\u00e1n para apoyar a esta instituci\u00f3n ser\u00e1 el voteo. \u201cAh\u00ed quisiera yo sumar a los ni\u00f1os, que nosotros como familia propongamos a nuestros hijos a que vote\u00e9n tambi\u00e9n, que sean parte de esta colecta para ense\u00f1arles a donar y tambi\u00e9n apoyar a las dem\u00e1s personas\u201d, dijo.<\/p>\n\n\n\n<p>En la ceremonia realizada en Sala de Cabildo, la Alcaldesa reconoci\u00f3 a los miles de voluntarios por su arduo trabajo y entrega en esta instituci\u00f3n. \u201cUstedes son ejemplo de humanidad y solidaridad, siempre presentes en la primera l\u00ednea de acci\u00f3n ante una emergencia o cat\u00e1strofe\u201d.<\/p>\n\n\n\n<p><strong>#ElVeracruzanoVIP<\/strong> &#8211; <a href=\"https:\/\/www.facebook.com\/ElVeracruzanoVIP\/\"><strong>El Veracruzano VIP<\/strong><\/a><\/p>\n","protected":false},"excerpt":{"rendered":"<p>#Veracruz, #Ver.- Como una muestra de apoyo y solidaridad, la alcaldesa Patricia Lobeira de Yunes hizo entrega al delegado de<\/p>\n","protected":false},"author":4,"featured_media":3748,"comment_status":"open","ping_status":"open","sticky":false,"template":"","format":"standard","meta":{"colormag_page_container_layout":"default_layout","colormag_page_sidebar_layout":"default_layout","rop_custom_images_group":[],"rop_custom_messages_group":[],"rop_publish_now":"initial","rop_publish_now_accounts":{"facebook_109133384920963_108472061465099":""},"rop_publish_now_history":[],"rop_publish_now_status":"pending","footnotes":""},"categories":[8],"tags":[17,26,20,18,69,58,19,100,97,91,84,98,99,21,23,22,90],"class_list":["post-3747","post","type-post","status-publish","format-standard","has-post-thumbnail","hentry","category-alcaldesas","tag-cuitlahuac-garcia-jimenez","tag-el-veracruzano-vip","tag-enterate","tag-gobierno-del-estado-de-veracruz","tag-municipio-de-veracruz","tag-paty-lobeira-de-yunes","tag-redes-sociales","tag-secretaria-de-economia","tag-secretaria-de-educacion-publica","tag-secretaria-de-educacion-veracruz","tag-secretaria-de-proteccion-civil-del-estado-de-veracruz","tag-secretaria-del-medio-ambiente","tag-secretaria-del-trabajo-y-prevision-social","tag-ultima-hora","tag-ultimas-noticias","tag-ultimo-minuto","tag-veracruz-ciudad-y-puerto"],"_links":{"self":[{"href":"https:\/\/elveracruzano.vip\/index.php?rest_route=\/wp\/v2\/posts\/3747","targetHints":{"allow":["GET"]}}],"collection":[{"href":"https:\/\/elveracruzano.vip\/index.php?rest_route=\/wp\/v2\/posts"}],"about":[{"href":"https:\/\/elveracruzano.vip\/index.php?rest_route=\/wp\/v2\/types\/post"}],"author":[{"embeddable":true,"href":"https:\/\/elveracruzano.vip\/index.php?rest_route=\/wp\/v2\/users\/4"}],"replies":[{"embeddable":true,"href":"https:\/\/elveracruzano.vip\/index.php?rest_route=%2Fwp%2Fv2%2Fcomments&post=3747"}],"version-history":[{"count":1,"href":"https:\/\/elveracruzano.vip\/index.php?rest_route=\/wp\/v2\/posts\/3747\/revisions"}],"predecessor-version":[{"id":3749,"href":"https:\/\/elveracruzano.vip\/index.php?rest_route=\/wp\/v2\/posts\/3747\/revisions\/3749"}],"wp:featuredmedia":[{"embeddable":true,"href":"https:\/\/elveracruzano.vip\/index.php?rest_route=\/wp\/v2\/media\/3748"}],"wp:attachment":[{"href":"https:\/\/elveracruzano.vip\/index.php?rest_route=%2Fwp%2Fv2%2Fmedia&parent=3747"}],"wp:term":[{"taxonomy":"category","embeddable":true,"href":"https:\/\/elveracruzano.vip\/index.php?rest_route=%2Fwp%2Fv2%2Fcategories&post=3747"},{"taxonomy":"post_tag","embeddable":true,"href":"https:\/\/elveracruzano.vip\/index.php?rest_route=%2Fwp%2Fv2%2Ftags&post=3747"}],"curies":[{"name":"wp","href":"https:\/\/api.w.org\/{rel}","templated":true}]}}