{"id":3722,"date":"2022-11-08T14:12:00","date_gmt":"2022-11-08T20:12:00","guid":{"rendered":"http:\/\/elveracruzano.vip\/?p=3722"},"modified":"2022-11-08T12:13:30","modified_gmt":"2022-11-08T18:13:30","slug":"corta-legal-y-recicla-tu-navidad-adquiriendo-arbolitos-en-sitios-autorizados-por-sedema-y-conafor-cuitlahuacgj-gobiernover","status":"publish","type":"post","link":"https:\/\/elveracruzano.vip\/?p=3722","title":{"rendered":"Corta legal y recicla tu Navidad adquiriendo arbolitos en sitios autorizados por SEDEMA y CONAFOR \/ @CuitlahuacGJ @GobiernoVer >>>"},"content":{"rendered":"\n<p><strong>#Xalapa, #Ver<\/strong>.- Con el primer corte de un arbolito en el sitio conocido como Los Tres Pinos, municipio de Las Vigas, la Secretar\u00eda de Medio Ambiente (SEDEMA) y la Comisi\u00f3n Nacional Forestal (CONAFOR) iniciaron la campa\u00f1a \u201cCorta legal y Recicla tu Navidad\u201d, la cual tiene diferentes prop\u00f3sitos, adem\u00e1s de la convivencia familiar previa a las fiestas decembrinas.<\/p>\n\n\n\n<p>La raz\u00f3n principal es promover los sitios autorizados por los gobiernos federal y estatal para la venta de pinos, lo que ayudar\u00e1 a evitar la tala clandestina y a reactivar la econom\u00eda de las personas dedicadas a la silvicultura en las inmediaciones del Cofre de Perote.<\/p>\n\n\n\n<p>En la presentaci\u00f3n de la actividad, el titular de la SEDEMA, Juan Carlos Contreras Bautista, destac\u00f3 la importancia de las plantaciones comerciales y la necesidad de generar mayor sensibilidad en la poblaci\u00f3n sobre los beneficios ambientales.<\/p>\n\n\n\n<p>Algunos de \u00e9stos son la captura de carbono en troncos y hojas, captaci\u00f3n de humedad en el suelo, la retenci\u00f3n del suelo, mejor est\u00e9tica del paisaje, conservaci\u00f3n de la biodiversidad y la filtraci\u00f3n de agua de lluvia, lo que permite el nacimiento de arroyos que posteriormente surtir\u00e1n de agua a las ciudades.<\/p>\n\n\n\n<p>Acompa\u00f1ado por el alcalde Jes\u00fas Landa Hern\u00e1ndez y el diputado local Paul Mart\u00ednez Marie, dijo que en los sitios autorizados habr\u00e1 un distintivo con leyendas alusivas a la adquisici\u00f3n de pinos de manera legal y sustentable, as\u00ed como la contribuci\u00f3n contra la tala clandestina.<\/p>\n\n\n\n<p><strong>#ElVeracruzanoVIP<\/strong> &#8211; <a href=\"https:\/\/www.facebook.com\/ElVeracruzanoVIP\/\"><strong>El Veracruzano VIP<\/strong><\/a><\/p>\n","protected":false},"excerpt":{"rendered":"<p>#Xalapa, #Ver.- Con el primer corte de un arbolito en el sitio conocido como Los Tres Pinos, municipio de Las<\/p>\n","protected":false},"author":4,"featured_media":3723,"comment_status":"open","ping_status":"open","sticky":false,"template":"","format":"standard","meta":{"colormag_page_container_layout":"default_layout","colormag_page_sidebar_layout":"default_layout","rop_custom_images_group":[],"rop_custom_messages_group":[],"rop_publish_now":"initial","rop_publish_now_accounts":{"facebook_109133384920963_108472061465099":""},"rop_publish_now_history":[],"rop_publish_now_status":"pending","footnotes":""},"categories":[14],"tags":[17,26,20,18,19,100,97,91,84,98,99,21,23,22],"class_list":["post-3722","post","type-post","status-publish","format-standard","has-post-thumbnail","hentry","category-secretarias","tag-cuitlahuac-garcia-jimenez","tag-el-veracruzano-vip","tag-enterate","tag-gobierno-del-estado-de-veracruz","tag-redes-sociales","tag-secretaria-de-economia","tag-secretaria-de-educacion-publica","tag-secretaria-de-educacion-veracruz","tag-secretaria-de-proteccion-civil-del-estado-de-veracruz","tag-secretaria-del-medio-ambiente","tag-secretaria-del-trabajo-y-prevision-social","tag-ultima-hora","tag-ultimas-noticias","tag-ultimo-minuto"],"_links":{"self":[{"href":"https:\/\/elveracruzano.vip\/index.php?rest_route=\/wp\/v2\/posts\/3722","targetHints":{"allow":["GET"]}}],"collection":[{"href":"https:\/\/elveracruzano.vip\/index.php?rest_route=\/wp\/v2\/posts"}],"about":[{"href":"https:\/\/elveracruzano.vip\/index.php?rest_route=\/wp\/v2\/types\/post"}],"author":[{"embeddable":true,"href":"https:\/\/elveracruzano.vip\/index.php?rest_route=\/wp\/v2\/users\/4"}],"replies":[{"embeddable":true,"href":"https:\/\/elveracruzano.vip\/index.php?rest_route=%2Fwp%2Fv2%2Fcomments&post=3722"}],"version-history":[{"count":1,"href":"https:\/\/elveracruzano.vip\/index.php?rest_route=\/wp\/v2\/posts\/3722\/revisions"}],"predecessor-version":[{"id":3724,"href":"https:\/\/elveracruzano.vip\/index.php?rest_route=\/wp\/v2\/posts\/3722\/revisions\/3724"}],"wp:featuredmedia":[{"embeddable":true,"href":"https:\/\/elveracruzano.vip\/index.php?rest_route=\/wp\/v2\/media\/3723"}],"wp:attachment":[{"href":"https:\/\/elveracruzano.vip\/index.php?rest_route=%2Fwp%2Fv2%2Fmedia&parent=3722"}],"wp:term":[{"taxonomy":"category","embeddable":true,"href":"https:\/\/elveracruzano.vip\/index.php?rest_route=%2Fwp%2Fv2%2Fcategories&post=3722"},{"taxonomy":"post_tag","embeddable":true,"href":"https:\/\/elveracruzano.vip\/index.php?rest_route=%2Fwp%2Fv2%2Ftags&post=3722"}],"curies":[{"name":"wp","href":"https:\/\/api.w.org\/{rel}","templated":true}]}}