{"id":3648,"date":"2022-10-20T10:37:26","date_gmt":"2022-10-20T15:37:26","guid":{"rendered":"http:\/\/elveracruzano.vip\/?p=3648"},"modified":"2022-10-20T10:37:26","modified_gmt":"2022-10-20T15:37:26","slug":"presidente-de-mexico-celebra-entrega-de-visas-temporales-para-que-migrantes-viajen-a-estados-unidos-lopezobrador_-gobiernomx","status":"publish","type":"post","link":"https:\/\/elveracruzano.vip\/?p=3648","title":{"rendered":"Presidente de M\u00e9xico celebra entrega de visas temporales para que migrantes viajen a Estados Unidos \/ @lopezobrador_ @GobiernoMX >>>"},"content":{"rendered":"\n<p><strong>#GobiernoDeM\u00e9xico<\/strong>.- El presidente Andr\u00e9s Manuel L\u00f3pez Obrador celebr\u00f3 la decisi\u00f3n del gobierno estadounidense de entregar visas temporales a las y los venezolanos.<\/p>\n\n\n\n<p>\u201cSe est\u00e1 planteando hacer lo mismo con los hermanos centroamericanos y que se contin\u00fae con el plan de apoyar a los pa\u00edses de Centroam\u00e9rica para que la gente no se vea en la necesidad de abandonar sus pueblos, sus familias\u201d, refiri\u00f3 en conferencia de prensa matutina desde Tamaulipas.<\/p>\n\n\n\n<p>De acuerdo con la Secretar\u00eda de Relaciones Exteriores, el gobierno de Estados Unidos acept\u00f3 otorgar 24 mil visas de car\u00e1cter humanitario a migrantes venezolanos, as\u00ed como 65 mil visas de trabajo adicionales, de las cuales 25 mil son para centroamericanos y el resto ser\u00e1 principalmente para mexicanos y mexicanas.<\/p>\n\n\n\n<p>El presidente Biden est\u00e1 consciente de que la migraci\u00f3n debe ser por un anhelo de superaci\u00f3n y no consecuencia de la falta de oportunidades en las naciones de origen, asever\u00f3 el mandatario.<\/p>\n\n\n\n<p>\u201cPor eso estamos insistiendo en que se invierta en planes de desarrollo y M\u00e9xico lo est\u00e1 haciendo\u201d, a\u00f1adi\u00f3.<\/p>\n\n\n\n<p><strong>#ElVeracruzanoVIP<\/strong> &#8211; <a href=\"https:\/\/www.facebook.com\/ElVeracruzanoVIP\/\"><strong>El Veracruzano VIP<\/strong><\/a><\/p>\n","protected":false},"excerpt":{"rendered":"<p>#GobiernoDeM\u00e9xico.- El presidente Andr\u00e9s Manuel L\u00f3pez Obrador celebr\u00f3 la decisi\u00f3n del gobierno estadounidense de entregar visas temporales a las y<\/p>\n","protected":false},"author":4,"featured_media":3649,"comment_status":"open","ping_status":"open","sticky":false,"template":"","format":"standard","meta":{"colormag_page_container_layout":"default_layout","colormag_page_sidebar_layout":"default_layout","rop_custom_images_group":[],"rop_custom_messages_group":[],"rop_publish_now":"initial","rop_publish_now_accounts":{"facebook_109133384920963_108472061465099":""},"rop_publish_now_history":[],"rop_publish_now_status":"pending","footnotes":""},"categories":[13],"tags":[45,17,26,20,29,18,19,100,97,91,84,98,99,21,23,22],"class_list":["post-3648","post","type-post","status-publish","format-standard","has-post-thumbnail","hentry","category-principales","tag-amlo","tag-cuitlahuac-garcia-jimenez","tag-el-veracruzano-vip","tag-enterate","tag-gobierno-de-mexico","tag-gobierno-del-estado-de-veracruz","tag-redes-sociales","tag-secretaria-de-economia","tag-secretaria-de-educacion-publica","tag-secretaria-de-educacion-veracruz","tag-secretaria-de-proteccion-civil-del-estado-de-veracruz","tag-secretaria-del-medio-ambiente","tag-secretaria-del-trabajo-y-prevision-social","tag-ultima-hora","tag-ultimas-noticias","tag-ultimo-minuto"],"_links":{"self":[{"href":"https:\/\/elveracruzano.vip\/index.php?rest_route=\/wp\/v2\/posts\/3648","targetHints":{"allow":["GET"]}}],"collection":[{"href":"https:\/\/elveracruzano.vip\/index.php?rest_route=\/wp\/v2\/posts"}],"about":[{"href":"https:\/\/elveracruzano.vip\/index.php?rest_route=\/wp\/v2\/types\/post"}],"author":[{"embeddable":true,"href":"https:\/\/elveracruzano.vip\/index.php?rest_route=\/wp\/v2\/users\/4"}],"replies":[{"embeddable":true,"href":"https:\/\/elveracruzano.vip\/index.php?rest_route=%2Fwp%2Fv2%2Fcomments&post=3648"}],"version-history":[{"count":1,"href":"https:\/\/elveracruzano.vip\/index.php?rest_route=\/wp\/v2\/posts\/3648\/revisions"}],"predecessor-version":[{"id":3650,"href":"https:\/\/elveracruzano.vip\/index.php?rest_route=\/wp\/v2\/posts\/3648\/revisions\/3650"}],"wp:featuredmedia":[{"embeddable":true,"href":"https:\/\/elveracruzano.vip\/index.php?rest_route=\/wp\/v2\/media\/3649"}],"wp:attachment":[{"href":"https:\/\/elveracruzano.vip\/index.php?rest_route=%2Fwp%2Fv2%2Fmedia&parent=3648"}],"wp:term":[{"taxonomy":"category","embeddable":true,"href":"https:\/\/elveracruzano.vip\/index.php?rest_route=%2Fwp%2Fv2%2Fcategories&post=3648"},{"taxonomy":"post_tag","embeddable":true,"href":"https:\/\/elveracruzano.vip\/index.php?rest_route=%2Fwp%2Fv2%2Ftags&post=3648"}],"curies":[{"name":"wp","href":"https:\/\/api.w.org\/{rel}","templated":true}]}}