{"id":3627,"date":"2022-10-13T13:14:57","date_gmt":"2022-10-13T18:14:57","guid":{"rendered":"http:\/\/elveracruzano.vip\/?p=3627"},"modified":"2022-10-13T13:14:58","modified_gmt":"2022-10-13T18:14:58","slug":"convoca-ayuntamiento-de-xalapa-en-veracruz-a-la-feria-del-tamal-pan-y-chocolate-2022-ahuedricardo-aytoxalapa","status":"publish","type":"post","link":"https:\/\/elveracruzano.vip\/?p=3627","title":{"rendered":"Convoca Ayuntamiento de Xalapa, en Veracruz, a la Feria del Tamal, pan y chocolate 2022 \/ @ahuedricardo @AytoXalapa >>>"},"content":{"rendered":"\n<p class=\"wp-block-paragraph\"><strong>#Xalapa, #Ver<\/strong>.- Con el prop\u00f3sito de incentivar la econom\u00eda en la regi\u00f3n capital, recuperar espacios p\u00fablicos para las familias y contribuir a la preservaci\u00f3n de las tradiciones, el 29 y 30 de octubre se desarrollar\u00e1 en el parque Benito Ju\u00e1rez la Feria del tamal, pan y chocolate Xalapa 2022, inform\u00f3 el regidor Diego David Florescano P\u00e9rez.<\/p>\n\n\n\n<p class=\"wp-block-paragraph\">El Edil manifest\u00f3 que la feria se realizar\u00e1 en el marco de la festividad del D\u00eda de Muertos en coordinaci\u00f3n con el Gobierno del Estado, a trav\u00e9s de la Secretar\u00eda de Gobierno y el sistema DIF estatal, pues se busca que sea un evento familiar, por lo que adem\u00e1s de la expo-venta de tamales, pan y chocolate, habr\u00e1 espect\u00e1culos art\u00edsticos, productos artesanales y una exposici\u00f3n de altares de muertos.<\/p>\n\n\n\n<p class=\"wp-block-paragraph\">Detall\u00f3 que a la feria que se llevar\u00e1 a cabo de 10:00 a 20:00 horas, se est\u00e1 convocando a productores de los 30 municipios que integran la regi\u00f3n capital y quienes tradicionalmente se han dedicado a la elaboraci\u00f3n de estos productos, con el fin de que reactiven su econom\u00eda.<\/p>\n\n\n\n<p class=\"wp-block-paragraph\">El Regidor expuso que se tiene una amplia expectativa por los antecedentes de festivales como el del pambazo, que arroj\u00f3 una derrama de m\u00e1s 1.7 millones de pesos en beneficio directo de los productores.<\/p>\n\n\n\n<p class=\"wp-block-paragraph\">Quienes deseen participar como expositores deben ajustarse a los requisitos de la convocatoria que se emiti\u00f3, entre los que destacan: contar con historial gastron\u00f3mico en la elaboraci\u00f3n de tamales, pan, chocolate y\/o atoles; ser vecino de la regi\u00f3n capital, enviar fotos del producto, estar empadronados, preferentemente en la Direcci\u00f3n de Desarrollo Econ\u00f3mico.<\/p>\n\n\n\n<p class=\"wp-block-paragraph\"><strong>#ElVeracruzanoVIP<\/strong> &#8211; <a href=\"https:\/\/www.facebook.com\/ElVeracruzanoVIP\/\"><strong>El Veracruzano VIP<\/strong><\/a><\/p>\n","protected":false},"excerpt":{"rendered":"<p>#Xalapa, #Ver.- Con el prop\u00f3sito de incentivar la econom\u00eda en la regi\u00f3n capital, recuperar espacios p\u00fablicos para las familias y<\/p>\n","protected":false},"author":4,"featured_media":3628,"comment_status":"open","ping_status":"open","sticky":false,"template":"","format":"standard","meta":{"colormag_page_container_layout":"default_layout","colormag_page_sidebar_layout":"default_layout","rop_custom_images_group":[],"rop_custom_messages_group":[],"rop_publish_now":"initial","rop_publish_now_accounts":{"facebook_109133384920963_108472061465099":""},"rop_publish_now_history":[],"rop_publish_now_status":"pending","footnotes":""},"categories":[11],"tags":[17,26,20,18,19,77,100,97,91,84,98,99,21,23,22,32],"class_list":["post-3627","post","type-post","status-publish","format-standard","has-post-thumbnail","hentry","category-municipios-destacados","tag-cuitlahuac-garcia-jimenez","tag-el-veracruzano-vip","tag-enterate","tag-gobierno-del-estado-de-veracruz","tag-redes-sociales","tag-ricardo-ahued-bardahuil","tag-secretaria-de-economia","tag-secretaria-de-educacion-publica","tag-secretaria-de-educacion-veracruz","tag-secretaria-de-proteccion-civil-del-estado-de-veracruz","tag-secretaria-del-medio-ambiente","tag-secretaria-del-trabajo-y-prevision-social","tag-ultima-hora","tag-ultimas-noticias","tag-ultimo-minuto","tag-xalapa"],"_links":{"self":[{"href":"https:\/\/elveracruzano.vip\/index.php?rest_route=\/wp\/v2\/posts\/3627","targetHints":{"allow":["GET"]}}],"collection":[{"href":"https:\/\/elveracruzano.vip\/index.php?rest_route=\/wp\/v2\/posts"}],"about":[{"href":"https:\/\/elveracruzano.vip\/index.php?rest_route=\/wp\/v2\/types\/post"}],"author":[{"embeddable":true,"href":"https:\/\/elveracruzano.vip\/index.php?rest_route=\/wp\/v2\/users\/4"}],"replies":[{"embeddable":true,"href":"https:\/\/elveracruzano.vip\/index.php?rest_route=%2Fwp%2Fv2%2Fcomments&post=3627"}],"version-history":[{"count":1,"href":"https:\/\/elveracruzano.vip\/index.php?rest_route=\/wp\/v2\/posts\/3627\/revisions"}],"predecessor-version":[{"id":3629,"href":"https:\/\/elveracruzano.vip\/index.php?rest_route=\/wp\/v2\/posts\/3627\/revisions\/3629"}],"wp:featuredmedia":[{"embeddable":true,"href":"https:\/\/elveracruzano.vip\/index.php?rest_route=\/wp\/v2\/media\/3628"}],"wp:attachment":[{"href":"https:\/\/elveracruzano.vip\/index.php?rest_route=%2Fwp%2Fv2%2Fmedia&parent=3627"}],"wp:term":[{"taxonomy":"category","embeddable":true,"href":"https:\/\/elveracruzano.vip\/index.php?rest_route=%2Fwp%2Fv2%2Fcategories&post=3627"},{"taxonomy":"post_tag","embeddable":true,"href":"https:\/\/elveracruzano.vip\/index.php?rest_route=%2Fwp%2Fv2%2Ftags&post=3627"}],"curies":[{"name":"wp","href":"https:\/\/api.w.org\/{rel}","templated":true}]}}