{"id":3579,"date":"2022-10-04T15:15:52","date_gmt":"2022-10-04T20:15:52","guid":{"rendered":"http:\/\/elveracruzano.vip\/?p=3579"},"modified":"2022-10-04T15:15:53","modified_gmt":"2022-10-04T20:15:53","slug":"inicia-en-cordoba-veracruz-servicios-de-atencion-medica-el-dr-vagon-en-la-estacion-ferrosur-pdtejuanmtnez-aytocordobaver","status":"publish","type":"post","link":"https:\/\/elveracruzano.vip\/?p=3579","title":{"rendered":"Inicia en C\u00f3rdoba, Veracruz, servicios de atenci\u00f3n m\u00e9dica \u00abEl Dr. Vag\u00f3n\u00bb en la estaci\u00f3n\u00a0Ferrosur \/ @PdteJuanMtnez @AytoCordobaVer >>>"},"content":{"rendered":"\n<p><strong>#C\u00f3rdoba, #Ver<\/strong>.- Garantizando una atenci\u00f3n m\u00e9dica de primer nivel a habitantes de C\u00f3rdoba y la regi\u00f3n, este martes, el Presidente Municipal, Juan Mart\u00ednez Flores y la Gerente Operativo del Dr. Vag\u00f3n inauguraron los servicios del \u201cDr. Vag\u00f3n el Tren de la Salud\u201d, mismo que permanecer\u00e1 en la ciudad hasta el 7 de octubre en La Estaci\u00f3n de Ferrosur.<\/p>\n\n\n\n<p>Desde las 6:00 de la ma\u00f1ana, el Dr. Vag\u00f3n el Tren de la Salud inici\u00f3 la consulta m\u00e9dica a los ciudadanos que llegaron desde primera hora para alcanzar una de las 500 fichas que se repartir\u00e1n al d\u00eda para la consulta que se dar\u00e1 en las 11 especialidades, la cl\u00ednica integral del paciente diab\u00e9tico, as\u00ed como el medicamento gratuito.<\/p>\n\n\n\n<p>\u201cEste programa se gestion\u00f3 por el inter\u00e9s de nosotros como Ayuntamiento de vigilar la salud de todos los cordobeses, por eso es que todas las \u00e1reas municipales coadyuvaron para que se pudiera dar el servicio. Es importante que acudan ya que hay especialidades con una atenci\u00f3n m\u00e9dica de primer nivel que nos ayudar\u00e1n al diagn\u00f3stico de padecimientos\u201d, dijo la primera autoridad de C\u00f3rdoba.<\/p>\n\n\n\n<p>El Dr. Vag\u00f3n el Tren de la Salud es implementado por Grupo M\u00e9xico, Ferrosur y Cinemex, y estar\u00e1 ofreciendo atenci\u00f3n m\u00e9dica en especialidades como: medicina interna, pediatr\u00eda, ginecolog\u00eda, dermatolog\u00eda, audiometr\u00eda, nutrici\u00f3n, cl\u00ednica integral de paciente diab\u00e9tico, psicolog\u00eda, oftalmolog\u00eda, entre otras, todo adaptado en 17 vagones.<\/p>\n\n\n\n<p><strong>#ElVeracruzanoVIP<\/strong> &#8211; <a href=\"https:\/\/www.facebook.com\/ElVeracruzanoVIP\/\"><strong>El Veracruzano VIP<\/strong><\/a><\/p>\n","protected":false},"excerpt":{"rendered":"<p>#C\u00f3rdoba, #Ver.- Garantizando una atenci\u00f3n m\u00e9dica de primer nivel a habitantes de C\u00f3rdoba y la regi\u00f3n, este martes, el Presidente<\/p>\n","protected":false},"author":4,"featured_media":3580,"comment_status":"open","ping_status":"open","sticky":false,"template":"","format":"standard","meta":{"colormag_page_container_layout":"default_layout","colormag_page_sidebar_layout":"default_layout","rop_custom_images_group":[],"rop_custom_messages_group":[],"rop_publish_now":"initial","rop_publish_now_accounts":{"facebook_109133384920963_108472061465099":""},"rop_publish_now_history":[],"rop_publish_now_status":"pending","footnotes":""},"categories":[11],"tags":[36,17,82,26,20,18,66,19,100,97,91,84,98,99,21,23,22],"class_list":["post-3579","post","type-post","status-publish","format-standard","has-post-thumbnail","hentry","category-municipios-destacados","tag-cordoba","tag-cuitlahuac-garcia-jimenez","tag-dif-cordoba","tag-el-veracruzano-vip","tag-enterate","tag-gobierno-del-estado-de-veracruz","tag-juan-martinez-flores","tag-redes-sociales","tag-secretaria-de-economia","tag-secretaria-de-educacion-publica","tag-secretaria-de-educacion-veracruz","tag-secretaria-de-proteccion-civil-del-estado-de-veracruz","tag-secretaria-del-medio-ambiente","tag-secretaria-del-trabajo-y-prevision-social","tag-ultima-hora","tag-ultimas-noticias","tag-ultimo-minuto"],"_links":{"self":[{"href":"https:\/\/elveracruzano.vip\/index.php?rest_route=\/wp\/v2\/posts\/3579","targetHints":{"allow":["GET"]}}],"collection":[{"href":"https:\/\/elveracruzano.vip\/index.php?rest_route=\/wp\/v2\/posts"}],"about":[{"href":"https:\/\/elveracruzano.vip\/index.php?rest_route=\/wp\/v2\/types\/post"}],"author":[{"embeddable":true,"href":"https:\/\/elveracruzano.vip\/index.php?rest_route=\/wp\/v2\/users\/4"}],"replies":[{"embeddable":true,"href":"https:\/\/elveracruzano.vip\/index.php?rest_route=%2Fwp%2Fv2%2Fcomments&post=3579"}],"version-history":[{"count":1,"href":"https:\/\/elveracruzano.vip\/index.php?rest_route=\/wp\/v2\/posts\/3579\/revisions"}],"predecessor-version":[{"id":3581,"href":"https:\/\/elveracruzano.vip\/index.php?rest_route=\/wp\/v2\/posts\/3579\/revisions\/3581"}],"wp:featuredmedia":[{"embeddable":true,"href":"https:\/\/elveracruzano.vip\/index.php?rest_route=\/wp\/v2\/media\/3580"}],"wp:attachment":[{"href":"https:\/\/elveracruzano.vip\/index.php?rest_route=%2Fwp%2Fv2%2Fmedia&parent=3579"}],"wp:term":[{"taxonomy":"category","embeddable":true,"href":"https:\/\/elveracruzano.vip\/index.php?rest_route=%2Fwp%2Fv2%2Fcategories&post=3579"},{"taxonomy":"post_tag","embeddable":true,"href":"https:\/\/elveracruzano.vip\/index.php?rest_route=%2Fwp%2Fv2%2Ftags&post=3579"}],"curies":[{"name":"wp","href":"https:\/\/api.w.org\/{rel}","templated":true}]}}