{"id":3567,"date":"2022-09-29T11:38:22","date_gmt":"2022-09-29T16:38:22","guid":{"rendered":"http:\/\/elveracruzano.vip\/?p=3567"},"modified":"2022-09-29T11:38:24","modified_gmt":"2022-09-29T16:38:24","slug":"huellas-de-una-colision-galactica-en-la-via-lactea","status":"publish","type":"post","link":"https:\/\/elveracruzano.vip\/?p=3567","title":{"rendered":"Huellas de una colisi\u00f3n gal\u00e1ctica en la V\u00eda L\u00e1ctea"},"content":{"rendered":"\n<p><strong>#Eventos<\/strong>.- Hace aproximadamente 10 mil millones de a\u00f1os, la V\u00eda L\u00e1ctea se fusion\u00f3 con una galaxia enana masiva. Se cree que este evento pudo dar origen al disco estelar grueso de nuestra galaxia.<\/p>\n\n\n\n<p>En esta sesi\u00f3n, la investigadora del Instituto de Astronom\u00eda de la UNAM, Mar\u00eda de los Angeles P\u00e9rez Villegas, especialista en din\u00e1mica, nos platicar\u00e1 sobre las huellas de esta gran colisi\u00f3n.<\/p>\n\n\n\n<p>Lunes 3 de octubre<br>Coordinan:<br>Susana Lizano<br>Luis Felipe Rodr\u00edguez Jorge<br>Miembros de El Colegio Nacional<\/p>\n\n\n\n<p><strong>#ElVeracruzanoVIP<\/strong> &#8211; <a href=\"https:\/\/www.facebook.com\/ElVeracruzanoVIP\/\"><strong>El Veracruzano VIP<\/strong><\/a><\/p>\n","protected":false},"excerpt":{"rendered":"<p>#Eventos.- Hace aproximadamente 10 mil millones de a\u00f1os, la V\u00eda L\u00e1ctea se fusion\u00f3 con una galaxia enana masiva. Se cree<\/p>\n","protected":false},"author":4,"featured_media":3568,"comment_status":"open","ping_status":"open","sticky":false,"template":"","format":"standard","meta":{"colormag_page_container_layout":"default_layout","colormag_page_sidebar_layout":"default_layout","rop_custom_images_group":[],"rop_custom_messages_group":[],"rop_publish_now":"initial","rop_publish_now_accounts":{"facebook_109133384920963_108472061465099":""},"rop_publish_now_history":[],"rop_publish_now_status":"pending","footnotes":""},"categories":[9],"tags":[17,26,20,18,19,100,97,91,84,98,99,21,23,22],"class_list":["post-3567","post","type-post","status-publish","format-standard","has-post-thumbnail","hentry","category-eventos-especiales","tag-cuitlahuac-garcia-jimenez","tag-el-veracruzano-vip","tag-enterate","tag-gobierno-del-estado-de-veracruz","tag-redes-sociales","tag-secretaria-de-economia","tag-secretaria-de-educacion-publica","tag-secretaria-de-educacion-veracruz","tag-secretaria-de-proteccion-civil-del-estado-de-veracruz","tag-secretaria-del-medio-ambiente","tag-secretaria-del-trabajo-y-prevision-social","tag-ultima-hora","tag-ultimas-noticias","tag-ultimo-minuto"],"_links":{"self":[{"href":"https:\/\/elveracruzano.vip\/index.php?rest_route=\/wp\/v2\/posts\/3567","targetHints":{"allow":["GET"]}}],"collection":[{"href":"https:\/\/elveracruzano.vip\/index.php?rest_route=\/wp\/v2\/posts"}],"about":[{"href":"https:\/\/elveracruzano.vip\/index.php?rest_route=\/wp\/v2\/types\/post"}],"author":[{"embeddable":true,"href":"https:\/\/elveracruzano.vip\/index.php?rest_route=\/wp\/v2\/users\/4"}],"replies":[{"embeddable":true,"href":"https:\/\/elveracruzano.vip\/index.php?rest_route=%2Fwp%2Fv2%2Fcomments&post=3567"}],"version-history":[{"count":1,"href":"https:\/\/elveracruzano.vip\/index.php?rest_route=\/wp\/v2\/posts\/3567\/revisions"}],"predecessor-version":[{"id":3569,"href":"https:\/\/elveracruzano.vip\/index.php?rest_route=\/wp\/v2\/posts\/3567\/revisions\/3569"}],"wp:featuredmedia":[{"embeddable":true,"href":"https:\/\/elveracruzano.vip\/index.php?rest_route=\/wp\/v2\/media\/3568"}],"wp:attachment":[{"href":"https:\/\/elveracruzano.vip\/index.php?rest_route=%2Fwp%2Fv2%2Fmedia&parent=3567"}],"wp:term":[{"taxonomy":"category","embeddable":true,"href":"https:\/\/elveracruzano.vip\/index.php?rest_route=%2Fwp%2Fv2%2Fcategories&post=3567"},{"taxonomy":"post_tag","embeddable":true,"href":"https:\/\/elveracruzano.vip\/index.php?rest_route=%2Fwp%2Fv2%2Ftags&post=3567"}],"curies":[{"name":"wp","href":"https:\/\/api.w.org\/{rel}","templated":true}]}}