{"id":3560,"date":"2022-09-29T11:32:46","date_gmt":"2022-09-29T16:32:46","guid":{"rendered":"http:\/\/elveracruzano.vip\/?p=3560"},"modified":"2022-09-29T11:32:48","modified_gmt":"2022-09-29T16:32:48","slug":"muestra-cultural-en-veracruz-presentan-en-coatepec-la-exposicion-fotografica-alegoria-coatepecana-raymundoandradr-gobcoatepec","status":"publish","type":"post","link":"https:\/\/elveracruzano.vip\/?p=3560","title":{"rendered":"Muestra cultural en Veracruz; presentan en Coatepec la exposici\u00f3n fotogr\u00e1fica \u201cAlegor\u00eda Coatepecana\u201d \/ @RaymundoAndradR @GobCoatepec >>>"},"content":{"rendered":"\n<p><strong>#Coatepec, #Ver<\/strong>.- Como parte de las actividades del Festival San Jer\u00f3nimo, se llev\u00f3 a cabo la exposici\u00f3n fotogr\u00e1fica \u201cAlegor\u00eda Coatepecana\u201d de la licenciada Adal\u00ed Fragozo Mart\u00ednez, realizada en bajos del palacio municipal.<\/p>\n\n\n\n<p>Esta exposici\u00f3n muestra las formas de expresi\u00f3n en las que Coatepec queda plasmado, en este caso los retratos de mujeres y hombres que muchos conocen y quienes forman parte de este Pueblo M\u00e1gico.<\/p>\n\n\n\n<figure class=\"wp-block-image aligncenter size-large is-resized\"><img loading=\"lazy\" decoding=\"async\" src=\"http:\/\/elveracruzano.vip\/wp-content\/uploads\/2022\/09\/coa2-3-1024x683.jpg\" alt=\"\" class=\"wp-image-3561\" width=\"447\" height=\"298\" srcset=\"https:\/\/elveracruzano.vip\/wp-content\/uploads\/2022\/09\/coa2-3-1024x683.jpg 1024w, https:\/\/elveracruzano.vip\/wp-content\/uploads\/2022\/09\/coa2-3-300x200.jpg 300w, https:\/\/elveracruzano.vip\/wp-content\/uploads\/2022\/09\/coa2-3-768x512.jpg 768w, https:\/\/elveracruzano.vip\/wp-content\/uploads\/2022\/09\/coa2-3-1536x1024.jpg 1536w, https:\/\/elveracruzano.vip\/wp-content\/uploads\/2022\/09\/coa2-3-600x400.jpg 600w, https:\/\/elveracruzano.vip\/wp-content\/uploads\/2022\/09\/coa2-3.jpg 2048w\" sizes=\"auto, (max-width: 447px) 100vw, 447px\" \/><\/figure>\n\n\n\n<p><strong>#ElVeracruzanoVIP<\/strong> &#8211; <a href=\"https:\/\/www.facebook.com\/ElVeracruzanoVIP\/\"><strong>El Veracruzano VIP<\/strong><\/a><\/p>\n","protected":false},"excerpt":{"rendered":"<p>#Coatepec, #Ver.- Como parte de las actividades del Festival San Jer\u00f3nimo, se llev\u00f3 a cabo la exposici\u00f3n fotogr\u00e1fica \u201cAlegor\u00eda Coatepecana\u201d<\/p>\n","protected":false},"author":4,"featured_media":3562,"comment_status":"open","ping_status":"open","sticky":false,"template":"","format":"standard","meta":{"colormag_page_container_layout":"default_layout","colormag_page_sidebar_layout":"default_layout","rop_custom_images_group":[],"rop_custom_messages_group":[],"rop_publish_now":"initial","rop_publish_now_accounts":{"facebook_109133384920963_108472061465099":""},"rop_publish_now_history":[],"rop_publish_now_status":"pending","footnotes":""},"categories":[10],"tags":[17,50,26,20,18,83,73,19,100,97,91,84,98,99,21,23,22],"class_list":["post-3560","post","type-post","status-publish","format-standard","has-post-thumbnail","hentry","category-municipios","tag-cuitlahuac-garcia-jimenez","tag-dif-coatepec","tag-el-veracruzano-vip","tag-enterate","tag-gobierno-del-estado-de-veracruz","tag-gobierno-municipal-de-coatepec","tag-raymundo-andrade-rivera","tag-redes-sociales","tag-secretaria-de-economia","tag-secretaria-de-educacion-publica","tag-secretaria-de-educacion-veracruz","tag-secretaria-de-proteccion-civil-del-estado-de-veracruz","tag-secretaria-del-medio-ambiente","tag-secretaria-del-trabajo-y-prevision-social","tag-ultima-hora","tag-ultimas-noticias","tag-ultimo-minuto"],"_links":{"self":[{"href":"https:\/\/elveracruzano.vip\/index.php?rest_route=\/wp\/v2\/posts\/3560","targetHints":{"allow":["GET"]}}],"collection":[{"href":"https:\/\/elveracruzano.vip\/index.php?rest_route=\/wp\/v2\/posts"}],"about":[{"href":"https:\/\/elveracruzano.vip\/index.php?rest_route=\/wp\/v2\/types\/post"}],"author":[{"embeddable":true,"href":"https:\/\/elveracruzano.vip\/index.php?rest_route=\/wp\/v2\/users\/4"}],"replies":[{"embeddable":true,"href":"https:\/\/elveracruzano.vip\/index.php?rest_route=%2Fwp%2Fv2%2Fcomments&post=3560"}],"version-history":[{"count":1,"href":"https:\/\/elveracruzano.vip\/index.php?rest_route=\/wp\/v2\/posts\/3560\/revisions"}],"predecessor-version":[{"id":3563,"href":"https:\/\/elveracruzano.vip\/index.php?rest_route=\/wp\/v2\/posts\/3560\/revisions\/3563"}],"wp:featuredmedia":[{"embeddable":true,"href":"https:\/\/elveracruzano.vip\/index.php?rest_route=\/wp\/v2\/media\/3562"}],"wp:attachment":[{"href":"https:\/\/elveracruzano.vip\/index.php?rest_route=%2Fwp%2Fv2%2Fmedia&parent=3560"}],"wp:term":[{"taxonomy":"category","embeddable":true,"href":"https:\/\/elveracruzano.vip\/index.php?rest_route=%2Fwp%2Fv2%2Fcategories&post=3560"},{"taxonomy":"post_tag","embeddable":true,"href":"https:\/\/elveracruzano.vip\/index.php?rest_route=%2Fwp%2Fv2%2Ftags&post=3560"}],"curies":[{"name":"wp","href":"https:\/\/api.w.org\/{rel}","templated":true}]}}