{"id":3553,"date":"2022-09-29T11:32:15","date_gmt":"2022-09-29T16:32:15","guid":{"rendered":"http:\/\/elveracruzano.vip\/?p=3553"},"modified":"2022-10-06T11:10:09","modified_gmt":"2022-10-06T16:10:09","slug":"fortalecen-seguridad-en-xalapa-veracruz-analizan-en-dotar-de-mayores-recursos-a-la-policia-municipal-ahuedricardo-aytoxalapa","status":"publish","type":"post","link":"https:\/\/elveracruzano.vip\/?p=3553","title":{"rendered":"Fortalecen seguridad en Xalapa, Veracruz; analizan en dotar de mayores recursos a la Polic\u00eda Municipal \/ @ahuedricardo @AytoXalapa >>>"},"content":{"rendered":"\n<p><strong>#Xalapa, #Ver<\/strong>.- En Sesi\u00f3n Ordinaria del Consejo de Seguridad P\u00fablica Municipal se present\u00f3 el informe mensual de avances operativos, donde se dio a conocer que se contempla reforzar este rubro en 2023 con la inversi\u00f3n de m\u00e1s recursos para la contrataci\u00f3n de personal, capacitaci\u00f3n y compra de equipo.<\/p>\n\n\n\n<p>El presidente municipal Ricardo Ahued Bardahuil afirm\u00f3 que los esfuerzos de la Polic\u00eda Municipal deben respaldarse con recursos y estrategias como los programas de Redes y Alarmas Vecinales, las cuales han tenido la aceptaci\u00f3n de la ciudadan\u00eda.<\/p>\n\n\n\n<p>De acuerdo con el regidor Daniel Fern\u00e1ndez Carri\u00f3n, el programa de Alarma Vecinal ha sido una exitosa herramienta para la prevenci\u00f3n del delito, mientras que las Redes Vecinales prosperan. A la fecha se tienen registradas m\u00e1s de 800, lo que habla de la confianza de la ciudadan\u00eda en sus instituciones.<\/p>\n\n\n\n<p>Asistieron la regidora Martha Valentina Dom\u00ednguez V\u00e1squez, los regidores Antonio Ballesteros Grayeb, Diego David Florescano P\u00e9rez; el secretario del Ayuntamiento, Ram\u00f3n Antonio Ramos Niembro y el director de Seguridad Ciudadana y Tr\u00e1nsito Municipal, Miguel Valdez Ram\u00edrez.<\/p>\n\n\n\n<p><strong>#ElVeracruzanoVIP<\/strong> &#8211; <a href=\"https:\/\/www.facebook.com\/ElVeracruzanoVIP\/\"><strong>El Veracruzano VIP<\/strong><\/a><\/p>\n","protected":false},"excerpt":{"rendered":"<p>#Xalapa, #Ver.- En Sesi\u00f3n Ordinaria del Consejo de Seguridad P\u00fablica Municipal se present\u00f3 el informe mensual de avances operativos, donde<\/p>\n","protected":false},"author":4,"featured_media":3554,"comment_status":"open","ping_status":"open","sticky":false,"template":"","format":"standard","meta":{"colormag_page_container_layout":"default_layout","colormag_page_sidebar_layout":"default_layout","rop_custom_images_group":[],"rop_custom_messages_group":[],"rop_publish_now":"initial","rop_publish_now_accounts":{"facebook_109133384920963_108472061465099":""},"rop_publish_now_history":[],"rop_publish_now_status":"pending","footnotes":""},"categories":[11],"tags":[17,26,20,18,93,19,77,100,97,91,84,98,99,21,23,22,32],"class_list":["post-3553","post","type-post","status-publish","format-standard","has-post-thumbnail","hentry","category-municipios-destacados","tag-cuitlahuac-garcia-jimenez","tag-el-veracruzano-vip","tag-enterate","tag-gobierno-del-estado-de-veracruz","tag-pc-xalapa","tag-redes-sociales","tag-ricardo-ahued-bardahuil","tag-secretaria-de-economia","tag-secretaria-de-educacion-publica","tag-secretaria-de-educacion-veracruz","tag-secretaria-de-proteccion-civil-del-estado-de-veracruz","tag-secretaria-del-medio-ambiente","tag-secretaria-del-trabajo-y-prevision-social","tag-ultima-hora","tag-ultimas-noticias","tag-ultimo-minuto","tag-xalapa"],"_links":{"self":[{"href":"https:\/\/elveracruzano.vip\/index.php?rest_route=\/wp\/v2\/posts\/3553","targetHints":{"allow":["GET"]}}],"collection":[{"href":"https:\/\/elveracruzano.vip\/index.php?rest_route=\/wp\/v2\/posts"}],"about":[{"href":"https:\/\/elveracruzano.vip\/index.php?rest_route=\/wp\/v2\/types\/post"}],"author":[{"embeddable":true,"href":"https:\/\/elveracruzano.vip\/index.php?rest_route=\/wp\/v2\/users\/4"}],"replies":[{"embeddable":true,"href":"https:\/\/elveracruzano.vip\/index.php?rest_route=%2Fwp%2Fv2%2Fcomments&post=3553"}],"version-history":[{"count":1,"href":"https:\/\/elveracruzano.vip\/index.php?rest_route=\/wp\/v2\/posts\/3553\/revisions"}],"predecessor-version":[{"id":3555,"href":"https:\/\/elveracruzano.vip\/index.php?rest_route=\/wp\/v2\/posts\/3553\/revisions\/3555"}],"wp:featuredmedia":[{"embeddable":true,"href":"https:\/\/elveracruzano.vip\/index.php?rest_route=\/wp\/v2\/media\/3554"}],"wp:attachment":[{"href":"https:\/\/elveracruzano.vip\/index.php?rest_route=%2Fwp%2Fv2%2Fmedia&parent=3553"}],"wp:term":[{"taxonomy":"category","embeddable":true,"href":"https:\/\/elveracruzano.vip\/index.php?rest_route=%2Fwp%2Fv2%2Fcategories&post=3553"},{"taxonomy":"post_tag","embeddable":true,"href":"https:\/\/elveracruzano.vip\/index.php?rest_route=%2Fwp%2Fv2%2Ftags&post=3553"}],"curies":[{"name":"wp","href":"https:\/\/api.w.org\/{rel}","templated":true}]}}