{"id":3547,"date":"2022-09-29T17:30:00","date_gmt":"2022-09-29T22:30:00","guid":{"rendered":"http:\/\/elveracruzano.vip\/?p=3547"},"modified":"2022-09-29T11:06:09","modified_gmt":"2022-09-29T16:06:09","slug":"veracruz-pionero-en-revalorar-la-cultura-madre-12-5-mdp-de-derrama-economica-en-cumbre-olmeca-cuitlahuacgj-gobiernover","status":"publish","type":"post","link":"https:\/\/elveracruzano.vip\/?p=3547","title":{"rendered":"Veracruz, pionero en revalorar la cultura madre; 12.5 mdp de derrama econ\u00f3mica en cumbre olmeca \/ @CuitlahuacGJ @GobiernoVer >>>"},"content":{"rendered":"\n<p><strong>#Xalapa, #Ver<\/strong>.- Posicionar a Veracruz como el estado pionero en revalorar la Cultura Madre, acercar a la juventud y familias el conocimiento de expertos y proyectar tur\u00edsticamente a la zona sur en el segmento acad\u00e9mico, cient\u00edfico y cultural fueron los objetivos logrados de la primera Cumbre Olmeca, cuya derrama alcanz\u00f3 los 12.5 millones de pesos.<\/p>\n\n\n\n<p>El gobernador Cuitl\u00e1huac Garc\u00eda Jim\u00e9nez, acompa\u00f1ado por el titular de la Secretar\u00eda de Turismo y Cultura (SECTUR), Iv\u00e1n Francisco Mart\u00ednez Olvera, dio el informe del evento que reuni\u00f3 a 38 mil 700 visitantes en torno a las siete conferencias magistrales, talleres, presentaciones musicales y la gastronom\u00eda heredada por la Cultura Madre en las tres sedes.<\/p>\n\n\n\n<p>\u201cFue un gran evento en su primer lanzamiento, lo logramos. Tenemos que seguir impulsando la asistencia de m\u00e1s j\u00f3venes para que compartan el conocimiento de una de las culturas fundadoras de Am\u00e9rica Latina\u201d, asegur\u00f3 el mandatario en conferencia de prensa.<\/p>\n\n\n\n<p>En su intervenci\u00f3n, el Secretario manifest\u00f3 que&nbsp;<em>El esplendor de Mesoam\u00e9rica<\/em>&nbsp;lo hizo la sociedad, las personas que se sumaron de manera masiva con muchas ganas de participar, alcanzando los objetivos programados, adem\u00e1s de concluir con saldo blanco.<\/p>\n\n\n\n<p>Durante tres d\u00edas se congregaron 190 expositores, 600 artistas, mil 200 espectadores y 30 universidades v\u00eda\u00a0<em>streaming<\/em>\u00a0de Puebla, M\u00e9xico, Tabasco, Coahuila, Quer\u00e9taro y Quintana Roo; 25 escuelas locales, 20 municipios y 76 integrantes del Festival Ra\u00edz M\u00e9xico organizado por la Secretar\u00eda de Cultura federal en coordinaci\u00f3n con el Instituto Veracruzano de la Cultura.<\/p>\n\n\n\n<p><strong>#ElVeracruzanoVIP<\/strong> &#8211; <a href=\"https:\/\/www.facebook.com\/ElVeracruzanoVIP\/\"><strong>El Veracruzano VIP<\/strong><\/a><\/p>\n","protected":false},"excerpt":{"rendered":"<p>#Xalapa, #Ver.- Posicionar a Veracruz como el estado pionero en revalorar la Cultura Madre, acercar a la juventud y familias<\/p>\n","protected":false},"author":4,"featured_media":3548,"comment_status":"open","ping_status":"open","sticky":false,"template":"","format":"standard","meta":{"colormag_page_container_layout":"default_layout","colormag_page_sidebar_layout":"default_layout","rop_custom_images_group":[],"rop_custom_messages_group":[],"rop_publish_now":"initial","rop_publish_now_accounts":{"facebook_109133384920963_108472061465099":""},"rop_publish_now_history":[],"rop_publish_now_status":"pending","footnotes":""},"categories":[16],"tags":[17,26,20,18,19,100,97,91,84,98,99,21,23,22],"class_list":["post-3547","post","type-post","status-publish","format-standard","has-post-thumbnail","hentry","category-ultima-hora","tag-cuitlahuac-garcia-jimenez","tag-el-veracruzano-vip","tag-enterate","tag-gobierno-del-estado-de-veracruz","tag-redes-sociales","tag-secretaria-de-economia","tag-secretaria-de-educacion-publica","tag-secretaria-de-educacion-veracruz","tag-secretaria-de-proteccion-civil-del-estado-de-veracruz","tag-secretaria-del-medio-ambiente","tag-secretaria-del-trabajo-y-prevision-social","tag-ultima-hora","tag-ultimas-noticias","tag-ultimo-minuto"],"_links":{"self":[{"href":"https:\/\/elveracruzano.vip\/index.php?rest_route=\/wp\/v2\/posts\/3547","targetHints":{"allow":["GET"]}}],"collection":[{"href":"https:\/\/elveracruzano.vip\/index.php?rest_route=\/wp\/v2\/posts"}],"about":[{"href":"https:\/\/elveracruzano.vip\/index.php?rest_route=\/wp\/v2\/types\/post"}],"author":[{"embeddable":true,"href":"https:\/\/elveracruzano.vip\/index.php?rest_route=\/wp\/v2\/users\/4"}],"replies":[{"embeddable":true,"href":"https:\/\/elveracruzano.vip\/index.php?rest_route=%2Fwp%2Fv2%2Fcomments&post=3547"}],"version-history":[{"count":1,"href":"https:\/\/elveracruzano.vip\/index.php?rest_route=\/wp\/v2\/posts\/3547\/revisions"}],"predecessor-version":[{"id":3549,"href":"https:\/\/elveracruzano.vip\/index.php?rest_route=\/wp\/v2\/posts\/3547\/revisions\/3549"}],"wp:featuredmedia":[{"embeddable":true,"href":"https:\/\/elveracruzano.vip\/index.php?rest_route=\/wp\/v2\/media\/3548"}],"wp:attachment":[{"href":"https:\/\/elveracruzano.vip\/index.php?rest_route=%2Fwp%2Fv2%2Fmedia&parent=3547"}],"wp:term":[{"taxonomy":"category","embeddable":true,"href":"https:\/\/elveracruzano.vip\/index.php?rest_route=%2Fwp%2Fv2%2Fcategories&post=3547"},{"taxonomy":"post_tag","embeddable":true,"href":"https:\/\/elveracruzano.vip\/index.php?rest_route=%2Fwp%2Fv2%2Ftags&post=3547"}],"curies":[{"name":"wp","href":"https:\/\/api.w.org\/{rel}","templated":true}]}}