{"id":3544,"date":"2022-09-29T14:30:00","date_gmt":"2022-09-29T19:30:00","guid":{"rendered":"http:\/\/elveracruzano.vip\/?p=3544"},"modified":"2022-09-29T11:03:03","modified_gmt":"2022-09-29T16:03:03","slug":"en-el-sur-de-veracruz-suceden-cosas-extraordinarias-concluye-cumbre-olmeca-con-mas-de-30-mil-visitantes-cuitlahuacgj-gobiernover","status":"publish","type":"post","link":"https:\/\/elveracruzano.vip\/?p=3544","title":{"rendered":"En el sur de Veracruz suceden cosas extraordinarias; concluye Cumbre Olmeca con m\u00e1s de 30 mil visitantes \/ @CuitlahuacGJ @GobiernoVer >>>"},"content":{"rendered":"\n<p><strong>#Ixhuatl\u00e1nDelSureste<\/strong>, <strong>#Ver<\/strong>.- Con un resultado extraordinario y la participaci\u00f3n preliminar de m\u00e1s de 30 mil visitantes, concluy\u00f3 la primera edici\u00f3n de Cumbre Olmeca,\u00a0<em>El esplendor de Mesoam\u00e9rica<\/em>, organizada por el Gobierno del Estado a fin de enaltecer las majestuosas riquezas ancestrales y el turismo acad\u00e9mico.<\/p>\n\n\n\n<p>El titular de la Secretar\u00eda de Turismo y Cultura (SECTUR), Iv\u00e1n Francisco Mart\u00ednez Olvera, reconoci\u00f3 la colaboraci\u00f3n y presencia de ponentes nacionales e internacionales, acad\u00e9micos provenientes de varios pa\u00edses de Centro y Sudam\u00e9rica, as\u00ed como de Rusia, pero tambi\u00e9n de los habitantes de la regi\u00f3n, algunos de los cuales llegaron hasta en lancha debido a las crecientes de r\u00edos aleda\u00f1os.<\/p>\n\n\n\n<p>Todos fueron testigos de las siete conferencias magistrales en torno a la contribuci\u00f3n de la Cultura Madre en el mundo; incluso, un gran sector de la poblaci\u00f3n se acerc\u00f3 a entregar vestigios hallados en sus domicilios para hacer los registros correspondientes ante el Instituto Nacional de Antropolog\u00eda e Historia o donarlos a museos de la zona.<\/p>\n\n\n\n<p>\u201cQu\u00e9 bonito que lo que encontraste en tu propiedad y es patrimonio de M\u00e9xico y la humanidad lo puedas hacer extensivo a toda la sociedad, por eso digo que suceden cosas extraordinarias aqu\u00ed en el sur de Veracruz\u201d.<\/p>\n\n\n\n<p>La Cumbre Olmeca fue tambi\u00e9n el marco del trabajo transversal para acercar los servicios del Estado; la Secretar\u00eda de Gobierno, a trav\u00e9s de la Direcci\u00f3n del Registro Civil, emiti\u00f3 m\u00e1s de 6 mil actas de nacimiento en los primeros dos d\u00edas, mientras que la Secretar\u00eda de Finanzas y Planeaci\u00f3n brind\u00f3 apoyo y asesor\u00eda referente al canje de placas vehiculares.<\/p>\n\n\n\n<p><strong>#ElVeracruzanoVIP<\/strong> &#8211; <a href=\"https:\/\/www.facebook.com\/ElVeracruzanoVIP\/\"><strong>El Veracruzano VIP<\/strong><\/a><\/p>\n","protected":false},"excerpt":{"rendered":"<p>#Ixhuatl\u00e1nDelSureste, #Ver.- Con un resultado extraordinario y la participaci\u00f3n preliminar de m\u00e1s de 30 mil visitantes, concluy\u00f3 la primera edici\u00f3n<\/p>\n","protected":false},"author":4,"featured_media":3545,"comment_status":"open","ping_status":"open","sticky":false,"template":"","format":"standard","meta":{"colormag_page_container_layout":"default_layout","colormag_page_sidebar_layout":"default_layout","rop_custom_images_group":[],"rop_custom_messages_group":[],"rop_publish_now":"initial","rop_publish_now_accounts":{"facebook_109133384920963_108472061465099":""},"rop_publish_now_history":[],"rop_publish_now_status":"pending","footnotes":""},"categories":[14],"tags":[17,26,20,18,19,100,97,91,84,98,99,21,23,22],"class_list":["post-3544","post","type-post","status-publish","format-standard","has-post-thumbnail","hentry","category-secretarias","tag-cuitlahuac-garcia-jimenez","tag-el-veracruzano-vip","tag-enterate","tag-gobierno-del-estado-de-veracruz","tag-redes-sociales","tag-secretaria-de-economia","tag-secretaria-de-educacion-publica","tag-secretaria-de-educacion-veracruz","tag-secretaria-de-proteccion-civil-del-estado-de-veracruz","tag-secretaria-del-medio-ambiente","tag-secretaria-del-trabajo-y-prevision-social","tag-ultima-hora","tag-ultimas-noticias","tag-ultimo-minuto"],"_links":{"self":[{"href":"https:\/\/elveracruzano.vip\/index.php?rest_route=\/wp\/v2\/posts\/3544","targetHints":{"allow":["GET"]}}],"collection":[{"href":"https:\/\/elveracruzano.vip\/index.php?rest_route=\/wp\/v2\/posts"}],"about":[{"href":"https:\/\/elveracruzano.vip\/index.php?rest_route=\/wp\/v2\/types\/post"}],"author":[{"embeddable":true,"href":"https:\/\/elveracruzano.vip\/index.php?rest_route=\/wp\/v2\/users\/4"}],"replies":[{"embeddable":true,"href":"https:\/\/elveracruzano.vip\/index.php?rest_route=%2Fwp%2Fv2%2Fcomments&post=3544"}],"version-history":[{"count":1,"href":"https:\/\/elveracruzano.vip\/index.php?rest_route=\/wp\/v2\/posts\/3544\/revisions"}],"predecessor-version":[{"id":3546,"href":"https:\/\/elveracruzano.vip\/index.php?rest_route=\/wp\/v2\/posts\/3544\/revisions\/3546"}],"wp:featuredmedia":[{"embeddable":true,"href":"https:\/\/elveracruzano.vip\/index.php?rest_route=\/wp\/v2\/media\/3545"}],"wp:attachment":[{"href":"https:\/\/elveracruzano.vip\/index.php?rest_route=%2Fwp%2Fv2%2Fmedia&parent=3544"}],"wp:term":[{"taxonomy":"category","embeddable":true,"href":"https:\/\/elveracruzano.vip\/index.php?rest_route=%2Fwp%2Fv2%2Fcategories&post=3544"},{"taxonomy":"post_tag","embeddable":true,"href":"https:\/\/elveracruzano.vip\/index.php?rest_route=%2Fwp%2Fv2%2Ftags&post=3544"}],"curies":[{"name":"wp","href":"https:\/\/api.w.org\/{rel}","templated":true}]}}