{"id":3538,"date":"2022-09-27T21:12:19","date_gmt":"2022-09-28T02:12:19","guid":{"rendered":"http:\/\/elveracruzano.vip\/?p=3538"},"modified":"2022-09-27T21:12:21","modified_gmt":"2022-09-28T02:12:21","slug":"con-el-pago-del-impuesto-predial-se-beneficia-directamente-a-los-boquenos-alcalde-jm-unanue-jm_unanue-_bocadelrio","status":"publish","type":"post","link":"https:\/\/elveracruzano.vip\/?p=3538","title":{"rendered":"Con el pago del impuesto predial, se beneficia directamente a los boque\u00f1os: alcalde JM Un\u00e1nue \/ @JM_UNANUE @_BocadelRio >>>"},"content":{"rendered":"\n<p><strong>#BocaDelR\u00edo, #Ver<\/strong>.- Con el pago del Impuesto Predial, el Ayuntamiento de Boca del R\u00edo, tiene la oportunidad de generar m\u00e1s obras y acciones en beneficio de las boque\u00f1as y boque\u00f1os, resalt\u00f3 el Alcalde Juan Manuel Un\u00e1nue Abascal.<\/p>\n\n\n\n<p>Por ello, se hace la invitaci\u00f3n a todos los habitantes del municipio, para que aprovechen el descuento del 100% en recargos para quienes adeuden el Predial de 2021 o a\u00f1os anteriores.<\/p>\n\n\n\n<p>\u201cEl predial es necesario para sostener los gastos p\u00fablicos, ya que, con estos recursos, los utilizaremos para mejorar y cambiar significativamente nuestro municipio\u201d, enfatiz\u00f3 el Presidente Municipal.<\/p>\n\n\n\n<p>Con la aprobaci\u00f3n del descuento en recargo, se apoya directamente a la econom\u00eda de los ciudadanos.<\/p>\n\n\n\n<p>El recurso que se obtiene, \u201ces utilizado para cumplir con responsabilidades como es el caso de la seguridad p\u00fablica, la prestaci\u00f3n de servicios, alumbrado p\u00fablico, recolecci\u00f3n de basura, agua potable y alcantarillado\u201d, recalco el Edil.<\/p>\n\n\n\n<p>El pago del Impuesto Predial puede ser pagado en las instalaciones del Palacio Municipal ubicado en la avenida Revoluci\u00f3n n\u00famero 1000, Zona Centro de la Cabecera Municipal, en horario de 8 de la ma\u00f1ana a 3 de la tarde.<\/p>\n\n\n\n<p><strong>#ElVeracruzanoVIP<\/strong> &#8211; <a href=\"https:\/\/www.facebook.com\/ElVeracruzanoVIP\/\"><strong>El Veracruzano VIP<\/strong><\/a><\/p>\n","protected":false},"excerpt":{"rendered":"<p>#BocaDelR\u00edo, #Ver.- Con el pago del Impuesto Predial, el Ayuntamiento de Boca del R\u00edo, tiene la oportunidad de generar m\u00e1s<\/p>\n","protected":false},"author":4,"featured_media":3539,"comment_status":"open","ping_status":"open","sticky":false,"template":"","format":"standard","meta":{"colormag_page_container_layout":"default_layout","colormag_page_sidebar_layout":"default_layout","rop_custom_images_group":[],"rop_custom_messages_group":[],"rop_publish_now":"initial","rop_publish_now_accounts":{"facebook_109133384920963_108472061465099":""},"rop_publish_now_history":[],"rop_publish_now_status":"pending","footnotes":""},"categories":[11],"tags":[35,17,76,26,20,18,19,100,97,91,84,98,99,21,23,22],"class_list":["post-3538","post","type-post","status-publish","format-standard","has-post-thumbnail","hentry","category-municipios-destacados","tag-boca-del-rio","tag-cuitlahuac-garcia-jimenez","tag-dif-boca-del-rio","tag-el-veracruzano-vip","tag-enterate","tag-gobierno-del-estado-de-veracruz","tag-redes-sociales","tag-secretaria-de-economia","tag-secretaria-de-educacion-publica","tag-secretaria-de-educacion-veracruz","tag-secretaria-de-proteccion-civil-del-estado-de-veracruz","tag-secretaria-del-medio-ambiente","tag-secretaria-del-trabajo-y-prevision-social","tag-ultima-hora","tag-ultimas-noticias","tag-ultimo-minuto"],"_links":{"self":[{"href":"https:\/\/elveracruzano.vip\/index.php?rest_route=\/wp\/v2\/posts\/3538","targetHints":{"allow":["GET"]}}],"collection":[{"href":"https:\/\/elveracruzano.vip\/index.php?rest_route=\/wp\/v2\/posts"}],"about":[{"href":"https:\/\/elveracruzano.vip\/index.php?rest_route=\/wp\/v2\/types\/post"}],"author":[{"embeddable":true,"href":"https:\/\/elveracruzano.vip\/index.php?rest_route=\/wp\/v2\/users\/4"}],"replies":[{"embeddable":true,"href":"https:\/\/elveracruzano.vip\/index.php?rest_route=%2Fwp%2Fv2%2Fcomments&post=3538"}],"version-history":[{"count":1,"href":"https:\/\/elveracruzano.vip\/index.php?rest_route=\/wp\/v2\/posts\/3538\/revisions"}],"predecessor-version":[{"id":3540,"href":"https:\/\/elveracruzano.vip\/index.php?rest_route=\/wp\/v2\/posts\/3538\/revisions\/3540"}],"wp:featuredmedia":[{"embeddable":true,"href":"https:\/\/elveracruzano.vip\/index.php?rest_route=\/wp\/v2\/media\/3539"}],"wp:attachment":[{"href":"https:\/\/elveracruzano.vip\/index.php?rest_route=%2Fwp%2Fv2%2Fmedia&parent=3538"}],"wp:term":[{"taxonomy":"category","embeddable":true,"href":"https:\/\/elveracruzano.vip\/index.php?rest_route=%2Fwp%2Fv2%2Fcategories&post=3538"},{"taxonomy":"post_tag","embeddable":true,"href":"https:\/\/elveracruzano.vip\/index.php?rest_route=%2Fwp%2Fv2%2Ftags&post=3538"}],"curies":[{"name":"wp","href":"https:\/\/api.w.org\/{rel}","templated":true}]}}