{"id":3535,"date":"2022-09-27T21:10:45","date_gmt":"2022-09-28T02:10:45","guid":{"rendered":"http:\/\/elveracruzano.vip\/?p=3535"},"modified":"2022-09-27T21:10:47","modified_gmt":"2022-09-28T02:10:47","slug":"la-alcaldesa-de-veracruz-patricia-lobeira-de-yunes-da-a-conocer-la-convocatoria-de-la-superacion-ciudadana-patyyunes-ayuntamientover","status":"publish","type":"post","link":"https:\/\/elveracruzano.vip\/?p=3535","title":{"rendered":"La alcaldesa de Veracruz, Patricia Lobeira de Yunes, da a conocer la Convocatoria de la Superaci\u00f3n Ciudadana \/ @PatyYunes @AyuntamientoVer >>>"},"content":{"rendered":"\n<p><strong>#Veracruz, #Ver<\/strong>.- La alcaldesa Patricia Lobeira de Yunes, junto por los integrantes del Patronato de la Instituci\u00f3n de la Superaci\u00f3n Ciudadana, anunciaron la \u201cConvocatoria de la Superaci\u00f3n Ciudadana\u201d para premiar a los estudiantes con los mejores promedios obtenidos durante su educaci\u00f3n b\u00e1sica, as\u00ed como tambi\u00e9n a las y los veracruzanos ejemplares del municipio de Veracruz.<\/p>\n\n\n\n<p>Durante la conferencia de prensa, la Alcaldesa destac\u00f3 que esta iniciativa goza de reconocimiento p\u00fablico y es \u00fanica en todo el pa\u00eds; lo que es un orgullo y une, a\u00f1o con a\u00f1o, a la sociedad veracruzana, desde su fundaci\u00f3n en 1954. \u201cEs para m\u00ed un honor participar en el desarrollo para la entrega de premios n\u00famero 69, con la que se incentivar\u00e1n a 160 ni\u00f1as y ni\u00f1os de 235 escuelas primarias del municipio de Veracruz, tanto p\u00fablicas como privadas\u201d.<\/p>\n\n\n\n<p>Dio a conocer que se reconocer\u00e1 a los alumnos que a\u00f1o con a\u00f1o hacen un gran esfuerzo para sacar buenas calificaciones y ser alumnos distinguidos, en la tradicional ceremonia que se celebra cada 20 de noviembre en el Teatro Francisco Javier Clavijero; asimismo se le dar\u00e1 un reconocimiento a los profesores que con su entrega y ejemplar trayectoria han contribuido a fortalecer nuestra cultura y educaci\u00f3n.<\/p>\n\n\n\n<p>\u201cAlgo m\u00e1s que me emociona mucho anunciarles, es que finalmente despu\u00e9s de dos a\u00f1os de pandemia, se realizar\u00e1 del 21 al 28 de Noviembre el ya Cl\u00e1sico Viaje \u201cRuta de la Insurgencia\u201d, en el que nuestros ni\u00f1os podr\u00e1n visitar los lugares m\u00e1s emblem\u00e1ticos donde se gest\u00f3 nuestra independencia, como Xalapa, Ciudad de M\u00e9xico, Quer\u00e9taro, San Miguel Allende, Dolores Hidalgo, Guanajuato y C\u00f3rdoba, y que adem\u00e1s nos dan identidad como mexicanos\u201d, manifest\u00f3 la mun\u00edcipe porte\u00f1a.<\/p>\n\n\n\n<p><strong>#ElVeracruzanoVIP<\/strong> &#8211; <a href=\"https:\/\/www.facebook.com\/ElVeracruzanoVIP\/\"><strong>El Veracruzano VIP<\/strong><\/a><\/p>\n","protected":false},"excerpt":{"rendered":"<p>#Veracruz, #Ver.- La alcaldesa Patricia Lobeira de Yunes, junto por los integrantes del Patronato de la Instituci\u00f3n de la Superaci\u00f3n<\/p>\n","protected":false},"author":4,"featured_media":3536,"comment_status":"open","ping_status":"open","sticky":false,"template":"","format":"standard","meta":{"colormag_page_container_layout":"default_layout","colormag_page_sidebar_layout":"default_layout","rop_custom_images_group":[],"rop_custom_messages_group":[],"rop_publish_now":"initial","rop_publish_now_accounts":{"facebook_109133384920963_108472061465099":""},"rop_publish_now_history":[],"rop_publish_now_status":"pending","footnotes":""},"categories":[8],"tags":[17,26,20,18,69,58,19,100,97,91,84,98,99,21,23,22,90],"class_list":["post-3535","post","type-post","status-publish","format-standard","has-post-thumbnail","hentry","category-alcaldesas","tag-cuitlahuac-garcia-jimenez","tag-el-veracruzano-vip","tag-enterate","tag-gobierno-del-estado-de-veracruz","tag-municipio-de-veracruz","tag-paty-lobeira-de-yunes","tag-redes-sociales","tag-secretaria-de-economia","tag-secretaria-de-educacion-publica","tag-secretaria-de-educacion-veracruz","tag-secretaria-de-proteccion-civil-del-estado-de-veracruz","tag-secretaria-del-medio-ambiente","tag-secretaria-del-trabajo-y-prevision-social","tag-ultima-hora","tag-ultimas-noticias","tag-ultimo-minuto","tag-veracruz-ciudad-y-puerto"],"_links":{"self":[{"href":"https:\/\/elveracruzano.vip\/index.php?rest_route=\/wp\/v2\/posts\/3535","targetHints":{"allow":["GET"]}}],"collection":[{"href":"https:\/\/elveracruzano.vip\/index.php?rest_route=\/wp\/v2\/posts"}],"about":[{"href":"https:\/\/elveracruzano.vip\/index.php?rest_route=\/wp\/v2\/types\/post"}],"author":[{"embeddable":true,"href":"https:\/\/elveracruzano.vip\/index.php?rest_route=\/wp\/v2\/users\/4"}],"replies":[{"embeddable":true,"href":"https:\/\/elveracruzano.vip\/index.php?rest_route=%2Fwp%2Fv2%2Fcomments&post=3535"}],"version-history":[{"count":1,"href":"https:\/\/elveracruzano.vip\/index.php?rest_route=\/wp\/v2\/posts\/3535\/revisions"}],"predecessor-version":[{"id":3537,"href":"https:\/\/elveracruzano.vip\/index.php?rest_route=\/wp\/v2\/posts\/3535\/revisions\/3537"}],"wp:featuredmedia":[{"embeddable":true,"href":"https:\/\/elveracruzano.vip\/index.php?rest_route=\/wp\/v2\/media\/3536"}],"wp:attachment":[{"href":"https:\/\/elveracruzano.vip\/index.php?rest_route=%2Fwp%2Fv2%2Fmedia&parent=3535"}],"wp:term":[{"taxonomy":"category","embeddable":true,"href":"https:\/\/elveracruzano.vip\/index.php?rest_route=%2Fwp%2Fv2%2Fcategories&post=3535"},{"taxonomy":"post_tag","embeddable":true,"href":"https:\/\/elveracruzano.vip\/index.php?rest_route=%2Fwp%2Fv2%2Ftags&post=3535"}],"curies":[{"name":"wp","href":"https:\/\/api.w.org\/{rel}","templated":true}]}}