{"id":3507,"date":"2022-09-22T14:30:00","date_gmt":"2022-09-22T19:30:00","guid":{"rendered":"http:\/\/elveracruzano.vip\/?p=3507"},"modified":"2022-09-22T11:19:51","modified_gmt":"2022-09-22T16:19:51","slug":"cumbre-olmeca-es-de-todos-para-preservar-la-cultura-y-reactivar-la-economia-del-sur-de-veracruz-cuitlahuacgj-gobiernover","status":"publish","type":"post","link":"https:\/\/elveracruzano.vip\/?p=3507","title":{"rendered":"Cumbre Olmeca es de todos para preservar la cultura y reactivar la econom\u00eda del sur de Veracruz \/ @CuitlahuacGJ @GobiernoVer >>>"},"content":{"rendered":"\n<p><strong>#Xalapa, #Ver<\/strong>.- En la primera\u00a0Cumbre Olmeca, El esplendor de Mesoam\u00e9rica, 20 municipios \u2013en su mayor\u00eda peque\u00f1os\u2013 ser\u00e1n protagonistas de la cultura, historia y desarrollo econ\u00f3mico de la zona sur. \u201cTenemos mucho que mostrar y hacer por nuestros pueblos\u201d, manifest\u00f3 el gobernador Cuitl\u00e1huac Garc\u00eda Jim\u00e9nez durante la presentaci\u00f3n en el Centro de Convenciones de Coatzacoalcos.<\/p>\n\n\n\n<p>Acompa\u00f1ado por el secretario de Turismo y Cultura, Iv\u00e1n Mart\u00ednez Olvera, y la directora general del Instituto Veracruzano de la Cultura, Silvia Alejandre Prado, el mandatario confi\u00f3 que la relevancia del evento ser\u00e1 tal que podr\u00e1 repetirse a\u00f1o con a\u00f1o, encargando a todas y todos hacer lo propio; \u201cparticipemos con alegr\u00eda, invitemos a la familia y dejemos un sello permanente\u201d, expres\u00f3.<\/p>\n\n\n\n<p>La exposici\u00f3n del programa diario corri\u00f3 a cargo de los alcaldes anfitriones de Coatzacoalcos, Amado Cruz Malpica; Nanchital, Esmeralda Mora Zamudio, e Ixhuatl\u00e1n del Sureste, Fabi\u00e1n Cruz Hern\u00e1ndez, quienes coincidieron en que, por primera vez, un Gobierno los considera y da la oportunidad de resaltar las riquezas y patrimonio de sus municipios.<\/p>\n\n\n\n<p>El viernes 23 de septiembre,\u00a0Coatzacoalcos\u00a0albergar\u00e1 la conferencia\u00a0<em>Intercambio cultural entre Golfo de M\u00e9xico y Centroam\u00e9rica<\/em>; exhibiciones del Museo Olmeca y presentaciones del grupo de danza prehisp\u00e1nica Olmexica, Banda El Submarino Jarocho, grupo Lamar Ejegat, ensamble de son jarocho de San Andr\u00e9s Tuxtla y los ballets folcl\u00f3ricos de Santiago Tuxtla y Agua Dulce.<\/p>\n\n\n\n<p><strong>#ElVeracruzanoVIP<\/strong> &#8211; <a href=\"https:\/\/www.facebook.com\/ElVeracruzanoVIP\/\"><strong>El Veracruzano VIP<\/strong><\/a><\/p>\n","protected":false},"excerpt":{"rendered":"<p>#Xalapa, #Ver.- En la primera\u00a0Cumbre Olmeca, El esplendor de Mesoam\u00e9rica, 20 municipios \u2013en su mayor\u00eda peque\u00f1os\u2013 ser\u00e1n protagonistas de la<\/p>\n","protected":false},"author":4,"featured_media":3508,"comment_status":"open","ping_status":"open","sticky":false,"template":"","format":"standard","meta":{"colormag_page_container_layout":"default_layout","colormag_page_sidebar_layout":"default_layout","rop_custom_images_group":[],"rop_custom_messages_group":[],"rop_publish_now":"initial","rop_publish_now_accounts":{"facebook_109133384920963_108472061465099":""},"rop_publish_now_history":[],"rop_publish_now_status":"pending","footnotes":""},"categories":[14],"tags":[17,26,20,18,19,100,97,91,84,98,99,21,23,22],"class_list":["post-3507","post","type-post","status-publish","format-standard","has-post-thumbnail","hentry","category-secretarias","tag-cuitlahuac-garcia-jimenez","tag-el-veracruzano-vip","tag-enterate","tag-gobierno-del-estado-de-veracruz","tag-redes-sociales","tag-secretaria-de-economia","tag-secretaria-de-educacion-publica","tag-secretaria-de-educacion-veracruz","tag-secretaria-de-proteccion-civil-del-estado-de-veracruz","tag-secretaria-del-medio-ambiente","tag-secretaria-del-trabajo-y-prevision-social","tag-ultima-hora","tag-ultimas-noticias","tag-ultimo-minuto"],"_links":{"self":[{"href":"https:\/\/elveracruzano.vip\/index.php?rest_route=\/wp\/v2\/posts\/3507","targetHints":{"allow":["GET"]}}],"collection":[{"href":"https:\/\/elveracruzano.vip\/index.php?rest_route=\/wp\/v2\/posts"}],"about":[{"href":"https:\/\/elveracruzano.vip\/index.php?rest_route=\/wp\/v2\/types\/post"}],"author":[{"embeddable":true,"href":"https:\/\/elveracruzano.vip\/index.php?rest_route=\/wp\/v2\/users\/4"}],"replies":[{"embeddable":true,"href":"https:\/\/elveracruzano.vip\/index.php?rest_route=%2Fwp%2Fv2%2Fcomments&post=3507"}],"version-history":[{"count":1,"href":"https:\/\/elveracruzano.vip\/index.php?rest_route=\/wp\/v2\/posts\/3507\/revisions"}],"predecessor-version":[{"id":3509,"href":"https:\/\/elveracruzano.vip\/index.php?rest_route=\/wp\/v2\/posts\/3507\/revisions\/3509"}],"wp:featuredmedia":[{"embeddable":true,"href":"https:\/\/elveracruzano.vip\/index.php?rest_route=\/wp\/v2\/media\/3508"}],"wp:attachment":[{"href":"https:\/\/elveracruzano.vip\/index.php?rest_route=%2Fwp%2Fv2%2Fmedia&parent=3507"}],"wp:term":[{"taxonomy":"category","embeddable":true,"href":"https:\/\/elveracruzano.vip\/index.php?rest_route=%2Fwp%2Fv2%2Fcategories&post=3507"},{"taxonomy":"post_tag","embeddable":true,"href":"https:\/\/elveracruzano.vip\/index.php?rest_route=%2Fwp%2Fv2%2Ftags&post=3507"}],"curies":[{"name":"wp","href":"https:\/\/api.w.org\/{rel}","templated":true}]}}