{"id":3462,"date":"2022-09-16T10:40:25","date_gmt":"2022-09-16T15:40:25","guid":{"rendered":"http:\/\/elveracruzano.vip\/?p=3462"},"modified":"2022-09-16T10:40:27","modified_gmt":"2022-09-16T15:40:27","slug":"conmemoran-autoridades-de-cordoba-en-veracruz-el-inicio-de-la-guerra-de-independencia-de-mexico-pdtejuanmtnez-aytocordobaver","status":"publish","type":"post","link":"https:\/\/elveracruzano.vip\/?p=3462","title":{"rendered":"Conmemoran autoridades de C\u00f3rdoba, en Veracruz, el inicio de la Guerra de Independencia de M\u00e9xico \/ @PdteJuanMtnez @AytoCordobaVer >>>"},"content":{"rendered":"\n<p><strong>#C\u00f3rdoba, #Ver<\/strong>.- Encabezados por el Presidente Municipal, Juan Mart\u00ednez Flores, ediles y directores de \u00e1rea del Ayuntamiento de C\u00f3rdoba, conmemoraron esta ma\u00f1ana el 212 Aniversario de la Guerra de Independencia de M\u00e9xico.<\/p>\n\n\n\n<p>En esta ocasi\u00f3n, el L\u00e1baro Patrio fue escoltado por elementos de la Secretar\u00eda de Marina (Semar), quienes lo entregaron a la Regidora d\u00e9cima, Mar\u00eda del Carmen Aguilar Mendoza para su izamiento.<\/p>\n\n\n\n<p>Posteriormente, el Director de Comercio, Ricardo Navarro Berm\u00fadez estuvo a cargo del juramento de la Bandera.<\/p>\n\n\n\n<p>Las notas del glorioso Himno Nacional y el de Veracruz fueron musicalizadas por la Banda Municipal de M\u00fasica y entonadas por Juan Manuel Cadena Mascorro.<\/p>\n\n\n\n<p>Posteriormente, funcionarios se trasladaron al monumento de Don Miguel Hidalgo y Costilla, ubicado frente a la Catedral de la Inmaculada Concepci\u00f3n, en donde se llev\u00f3 a cabo la Guardia de Honor con un minuto de silencio.<\/p>\n\n\n\n<p>El desfile conmemorativo fue suspendido por la lluvia y para salvaguardar la integridad de los alumnos de las escuelas participantes.<\/p>\n\n\n\n<p><strong>#ElVeracruzanoVIP<\/strong> &#8211; <a href=\"https:\/\/www.facebook.com\/ElVeracruzanoVIP\/\"><strong>El Veracruzano VIP<\/strong><\/a><\/p>\n","protected":false},"excerpt":{"rendered":"<p>#C\u00f3rdoba, #Ver.- Encabezados por el Presidente Municipal, Juan Mart\u00ednez Flores, ediles y directores de \u00e1rea del Ayuntamiento de C\u00f3rdoba, conmemoraron<\/p>\n","protected":false},"author":4,"featured_media":3463,"comment_status":"open","ping_status":"open","sticky":false,"template":"","format":"standard","meta":{"colormag_page_container_layout":"default_layout","colormag_page_sidebar_layout":"default_layout","rop_custom_images_group":[],"rop_custom_messages_group":[],"rop_publish_now":"initial","rop_publish_now_accounts":{"facebook_109133384920963_108472061465099":""},"rop_publish_now_history":[],"rop_publish_now_status":"pending","footnotes":""},"categories":[11],"tags":[36,17,82,26,20,18,19,84,21,23,22],"class_list":["post-3462","post","type-post","status-publish","format-standard","has-post-thumbnail","hentry","category-municipios-destacados","tag-cordoba","tag-cuitlahuac-garcia-jimenez","tag-dif-cordoba","tag-el-veracruzano-vip","tag-enterate","tag-gobierno-del-estado-de-veracruz","tag-redes-sociales","tag-secretaria-de-proteccion-civil-del-estado-de-veracruz","tag-ultima-hora","tag-ultimas-noticias","tag-ultimo-minuto"],"_links":{"self":[{"href":"https:\/\/elveracruzano.vip\/index.php?rest_route=\/wp\/v2\/posts\/3462","targetHints":{"allow":["GET"]}}],"collection":[{"href":"https:\/\/elveracruzano.vip\/index.php?rest_route=\/wp\/v2\/posts"}],"about":[{"href":"https:\/\/elveracruzano.vip\/index.php?rest_route=\/wp\/v2\/types\/post"}],"author":[{"embeddable":true,"href":"https:\/\/elveracruzano.vip\/index.php?rest_route=\/wp\/v2\/users\/4"}],"replies":[{"embeddable":true,"href":"https:\/\/elveracruzano.vip\/index.php?rest_route=%2Fwp%2Fv2%2Fcomments&post=3462"}],"version-history":[{"count":1,"href":"https:\/\/elveracruzano.vip\/index.php?rest_route=\/wp\/v2\/posts\/3462\/revisions"}],"predecessor-version":[{"id":3464,"href":"https:\/\/elveracruzano.vip\/index.php?rest_route=\/wp\/v2\/posts\/3462\/revisions\/3464"}],"wp:featuredmedia":[{"embeddable":true,"href":"https:\/\/elveracruzano.vip\/index.php?rest_route=\/wp\/v2\/media\/3463"}],"wp:attachment":[{"href":"https:\/\/elveracruzano.vip\/index.php?rest_route=%2Fwp%2Fv2%2Fmedia&parent=3462"}],"wp:term":[{"taxonomy":"category","embeddable":true,"href":"https:\/\/elveracruzano.vip\/index.php?rest_route=%2Fwp%2Fv2%2Fcategories&post=3462"},{"taxonomy":"post_tag","embeddable":true,"href":"https:\/\/elveracruzano.vip\/index.php?rest_route=%2Fwp%2Fv2%2Ftags&post=3462"}],"curies":[{"name":"wp","href":"https:\/\/api.w.org\/{rel}","templated":true}]}}