{"id":340,"date":"2022-01-05T18:51:19","date_gmt":"2022-01-06T00:51:19","guid":{"rendered":"http:\/\/elveracruzano.vip\/?p=340"},"modified":"2022-01-05T18:51:20","modified_gmt":"2022-01-06T00:51:20","slug":"invita-estado-de-veracruz-al-evento-especial-de-dia-de-reyes","status":"publish","type":"post","link":"https:\/\/elveracruzano.vip\/?p=340","title":{"rendered":"Invita estado de Veracruz al evento especial de D\u00eda de Reyes"},"content":{"rendered":"\n<p><strong>#Veracruz<\/strong>, <strong>#Ver<\/strong>.- Las actividades del Festival Orgullo Navide\u00f1o contin\u00faan en Veracruz, es por ellos que el Gobierno llev\u00f3 a cabo la invitaci\u00f3n al evento especial de D\u00eda de Reyes preparado para asistir con la familia: <\/p>\n\n\n\n<ul class=\"wp-block-list\"><li>Jueves 6 de enero<\/li><li>11:00 horas<\/li><li>Coatepec, Papantla, Cosamaloapan<\/li><\/ul>\n\n\n\n<p><strong>#ElVeracruzanoVip<\/strong><\/p>\n","protected":false},"excerpt":{"rendered":"<p>#Veracruz, #Ver.- Las actividades del Festival Orgullo Navide\u00f1o contin\u00faan en Veracruz, es por ellos que el Gobierno llev\u00f3 a cabo<\/p>\n","protected":false},"author":4,"featured_media":341,"comment_status":"open","ping_status":"open","sticky":false,"template":"","format":"standard","meta":{"colormag_page_container_layout":"default_layout","colormag_page_sidebar_layout":"default_layout","rop_custom_images_group":[],"rop_custom_messages_group":[],"rop_publish_now":"initial","rop_publish_now_accounts":{"facebook_109133384920963_108472061465099":""},"rop_publish_now_history":[],"rop_publish_now_status":"pending","footnotes":""},"categories":[14],"tags":[26,20,18,19,21,23,22],"class_list":["post-340","post","type-post","status-publish","format-standard","has-post-thumbnail","hentry","category-secretarias","tag-el-veracruzano-vip","tag-enterate","tag-gobierno-del-estado-de-veracruz","tag-redes-sociales","tag-ultima-hora","tag-ultimas-noticias","tag-ultimo-minuto"],"_links":{"self":[{"href":"https:\/\/elveracruzano.vip\/index.php?rest_route=\/wp\/v2\/posts\/340","targetHints":{"allow":["GET"]}}],"collection":[{"href":"https:\/\/elveracruzano.vip\/index.php?rest_route=\/wp\/v2\/posts"}],"about":[{"href":"https:\/\/elveracruzano.vip\/index.php?rest_route=\/wp\/v2\/types\/post"}],"author":[{"embeddable":true,"href":"https:\/\/elveracruzano.vip\/index.php?rest_route=\/wp\/v2\/users\/4"}],"replies":[{"embeddable":true,"href":"https:\/\/elveracruzano.vip\/index.php?rest_route=%2Fwp%2Fv2%2Fcomments&post=340"}],"version-history":[{"count":1,"href":"https:\/\/elveracruzano.vip\/index.php?rest_route=\/wp\/v2\/posts\/340\/revisions"}],"predecessor-version":[{"id":342,"href":"https:\/\/elveracruzano.vip\/index.php?rest_route=\/wp\/v2\/posts\/340\/revisions\/342"}],"wp:featuredmedia":[{"embeddable":true,"href":"https:\/\/elveracruzano.vip\/index.php?rest_route=\/wp\/v2\/media\/341"}],"wp:attachment":[{"href":"https:\/\/elveracruzano.vip\/index.php?rest_route=%2Fwp%2Fv2%2Fmedia&parent=340"}],"wp:term":[{"taxonomy":"category","embeddable":true,"href":"https:\/\/elveracruzano.vip\/index.php?rest_route=%2Fwp%2Fv2%2Fcategories&post=340"},{"taxonomy":"post_tag","embeddable":true,"href":"https:\/\/elveracruzano.vip\/index.php?rest_route=%2Fwp%2Fv2%2Ftags&post=340"}],"curies":[{"name":"wp","href":"https:\/\/api.w.org\/{rel}","templated":true}]}}