{"id":3398,"date":"2022-09-08T11:05:44","date_gmt":"2022-09-08T16:05:44","guid":{"rendered":"http:\/\/elveracruzano.vip\/?p=3398"},"modified":"2022-09-08T11:05:44","modified_gmt":"2022-09-08T16:05:44","slug":"con-el-programa-proveer-en-veracruz-la-justicia-social-es-palpable-gobernador-cuitlahuac-garcia-cuitlahuacgj-gobiernover","status":"publish","type":"post","link":"https:\/\/elveracruzano.vip\/?p=3398","title":{"rendered":"Con el programa Proveer, en Veracruz la justicia social es palpable: gobernador Cuitl\u00e1huac Garc\u00eda \/ @CuitlahuacGJ @GobiernoVer >>>"},"content":{"rendered":"\n<p><strong>#GobiernoDeVeracruz<\/strong>.- La integraci\u00f3n de seis dependencias al programa\u00a0<em>Proveer. Desarrollo y Bienestar<\/em>\u00a0incrementa a 15 los entes que colaboran con recursos financieros, t\u00e9cnicos y humanos en acciones conjuntas que mejoran las condiciones de vida para las Zonas de Atenci\u00f3n Prioritaria, con el fin de resarcir el abandono neoliberal.<\/p>\n\n\n\n<p>Esta iniciativa dio como resultado que en la medici\u00f3n de la pobreza 2018-2020, del Consejo Nacional de Evaluaci\u00f3n de la Pol\u00edtica de Desarrollo Social, el estado de Veracruz mostrara la mayor disminuci\u00f3n porcentual de personas en pobreza extrema en el pa\u00eds, con una reducci\u00f3n del 2.2%, inform\u00f3 el titular de la Secretar\u00eda de Desarrollo Social (SEDESOL), Guillermo Fern\u00e1ndez S\u00e1nchez.<\/p>\n\n\n\n<p>\u201cFueron 150 mil personas las que salieron de la pobreza extrema; a trav\u00e9s de&nbsp;<em>Proveer<\/em>, hicimos un esfuerzo para complementar los programas federales, focaliz\u00e1ndose en personas con alg\u00fan grado de vulnerabilidad mejorando sus condiciones de vivienda, salud, agua potable, proyectos productivos\u201d, expuso el gobernador Cuitl\u00e1huac Garc\u00eda Jim\u00e9nez.<\/p>\n\n\n\n<p>De esta manera, agreg\u00f3, contribuyen con el gobierno del presidente Andr\u00e9s Manuel L\u00f3pez Obrador, el cual consolida el bienestar com\u00fan redistribuyendo la riqueza, \u201cahora hay justicia social para quienes estaban en el olvido. En Veracruz es palpable al encontrar a un adulto mayor, estudiante, persona con discapacidad o productor que recibe un ingreso a trav\u00e9s de alg\u00fan programa social federal\u201d.<\/p>\n\n\n\n<p><strong>#ElVeracruzanoVIP<\/strong> &#8211; <a href=\"https:\/\/www.facebook.com\/ElVeracruzanoVIP\/\"><strong>El Veracruzano VIP<\/strong><\/a><\/p>\n","protected":false},"excerpt":{"rendered":"<p>#GobiernoDeVeracruz.- La integraci\u00f3n de seis dependencias al programa\u00a0Proveer. Desarrollo y Bienestar\u00a0incrementa a 15 los entes que colaboran con recursos financieros,<\/p>\n","protected":false},"author":4,"featured_media":3399,"comment_status":"open","ping_status":"open","sticky":false,"template":"","format":"standard","meta":{"colormag_page_container_layout":"default_layout","colormag_page_sidebar_layout":"default_layout","rop_custom_images_group":[],"rop_custom_messages_group":[],"rop_publish_now":"initial","rop_publish_now_accounts":{"facebook_109133384920963_108472061465099":""},"rop_publish_now_history":[],"rop_publish_now_status":"pending","footnotes":""},"categories":[13],"tags":[17,26,20,18,19,100,97,91,84,98,99,21,23,22],"class_list":["post-3398","post","type-post","status-publish","format-standard","has-post-thumbnail","hentry","category-principales","tag-cuitlahuac-garcia-jimenez","tag-el-veracruzano-vip","tag-enterate","tag-gobierno-del-estado-de-veracruz","tag-redes-sociales","tag-secretaria-de-economia","tag-secretaria-de-educacion-publica","tag-secretaria-de-educacion-veracruz","tag-secretaria-de-proteccion-civil-del-estado-de-veracruz","tag-secretaria-del-medio-ambiente","tag-secretaria-del-trabajo-y-prevision-social","tag-ultima-hora","tag-ultimas-noticias","tag-ultimo-minuto"],"_links":{"self":[{"href":"https:\/\/elveracruzano.vip\/index.php?rest_route=\/wp\/v2\/posts\/3398","targetHints":{"allow":["GET"]}}],"collection":[{"href":"https:\/\/elveracruzano.vip\/index.php?rest_route=\/wp\/v2\/posts"}],"about":[{"href":"https:\/\/elveracruzano.vip\/index.php?rest_route=\/wp\/v2\/types\/post"}],"author":[{"embeddable":true,"href":"https:\/\/elveracruzano.vip\/index.php?rest_route=\/wp\/v2\/users\/4"}],"replies":[{"embeddable":true,"href":"https:\/\/elveracruzano.vip\/index.php?rest_route=%2Fwp%2Fv2%2Fcomments&post=3398"}],"version-history":[{"count":1,"href":"https:\/\/elveracruzano.vip\/index.php?rest_route=\/wp\/v2\/posts\/3398\/revisions"}],"predecessor-version":[{"id":3400,"href":"https:\/\/elveracruzano.vip\/index.php?rest_route=\/wp\/v2\/posts\/3398\/revisions\/3400"}],"wp:featuredmedia":[{"embeddable":true,"href":"https:\/\/elveracruzano.vip\/index.php?rest_route=\/wp\/v2\/media\/3399"}],"wp:attachment":[{"href":"https:\/\/elveracruzano.vip\/index.php?rest_route=%2Fwp%2Fv2%2Fmedia&parent=3398"}],"wp:term":[{"taxonomy":"category","embeddable":true,"href":"https:\/\/elveracruzano.vip\/index.php?rest_route=%2Fwp%2Fv2%2Fcategories&post=3398"},{"taxonomy":"post_tag","embeddable":true,"href":"https:\/\/elveracruzano.vip\/index.php?rest_route=%2Fwp%2Fv2%2Ftags&post=3398"}],"curies":[{"name":"wp","href":"https:\/\/api.w.org\/{rel}","templated":true}]}}