{"id":3378,"date":"2022-09-06T17:30:00","date_gmt":"2022-09-06T22:30:00","guid":{"rendered":"http:\/\/elveracruzano.vip\/?p=3378"},"modified":"2022-09-06T15:17:46","modified_gmt":"2022-09-06T20:17:46","slug":"en-veracruz-costa-esmeralda-fest-marca-la-pauta-para-consolidarse-como-festival-internacional-cuitlahuacgj-gobiernover","status":"publish","type":"post","link":"https:\/\/elveracruzano.vip\/?p=3378","title":{"rendered":"En Veracruz, Costa Esmeralda Fest marca la pauta para consolidarse como festival internacional \/ @CuitlahuacGJ @GobiernoVer >>>"},"content":{"rendered":"\n<p><strong>#Tecolutla, #Ver<\/strong>.- El\u00a0Costa Esmeralda Fest\u00a0lleg\u00f3 para quedarse; a pesar de contar con apenas dos ediciones ya marc\u00f3 referencia y trascendencia para colocarse dentro del top de los mejores festivales de M\u00e9xico, no solo por su cartelera musical sino por la esencia con la que fue ideado: la reactivaci\u00f3n econ\u00f3mica de manera incluyente.<\/p>\n\n\n\n<p>Durante tres d\u00edas, m\u00e1s de 53 mil visitantes se dieron cita para disfrutar de una franja costera con m\u00e1s de 40 kil\u00f3metros de largo que abarca la regi\u00f3n, eco-tours por manglares, deportes, cultura, tradici\u00f3n, vasta gastronom\u00eda, talleres y artistas de talla internacional como Inspector, DLD, Gente de Zona y Guaynaa.<\/p>\n\n\n\n<p>\u201cSuperamos las expectativas y estamos muy contentos de todo lo que se logr\u00f3. La noche del s\u00e1bado fue impresionante, tuvimos un lleno total; la gente muy contenta, todas las personas muy a gusto\u201d, expres\u00f3 el secretario de Turismo y Cultura, Iv\u00e1n Francisco Mart\u00ednez Olvera.<\/p>\n\n\n\n<p>Dijo que una vez concluida esta edici\u00f3n iniciar\u00e1n los preparativos rumbo a la siguiente, con el objetivo de irlas superando cada vez m\u00e1s y dejar consolidado este ambicioso proyecto e iniciativa del gobernador Cuitl\u00e1huac Garc\u00eda Jim\u00e9nez.<\/p>\n\n\n\n<p><strong>#ElVeracruzanoVIP<\/strong> &#8211; <a href=\"https:\/\/www.facebook.com\/ElVeracruzanoVIP\/\"><strong>El Veracruzano VIP<\/strong><\/a><\/p>\n","protected":false},"excerpt":{"rendered":"<p>#Tecolutla, #Ver.- El\u00a0Costa Esmeralda Fest\u00a0lleg\u00f3 para quedarse; a pesar de contar con apenas dos ediciones ya marc\u00f3 referencia y trascendencia<\/p>\n","protected":false},"author":4,"featured_media":3379,"comment_status":"open","ping_status":"open","sticky":false,"template":"","format":"standard","meta":{"colormag_page_container_layout":"default_layout","colormag_page_sidebar_layout":"default_layout","rop_custom_images_group":[],"rop_custom_messages_group":[],"rop_publish_now":"initial","rop_publish_now_accounts":{"facebook_109133384920963_108472061465099":""},"rop_publish_now_history":[],"rop_publish_now_status":"pending","footnotes":""},"categories":[16],"tags":[17,26,20,18,19,100,97,91,84,98,99,21,23,22],"class_list":["post-3378","post","type-post","status-publish","format-standard","has-post-thumbnail","hentry","category-ultima-hora","tag-cuitlahuac-garcia-jimenez","tag-el-veracruzano-vip","tag-enterate","tag-gobierno-del-estado-de-veracruz","tag-redes-sociales","tag-secretaria-de-economia","tag-secretaria-de-educacion-publica","tag-secretaria-de-educacion-veracruz","tag-secretaria-de-proteccion-civil-del-estado-de-veracruz","tag-secretaria-del-medio-ambiente","tag-secretaria-del-trabajo-y-prevision-social","tag-ultima-hora","tag-ultimas-noticias","tag-ultimo-minuto"],"_links":{"self":[{"href":"https:\/\/elveracruzano.vip\/index.php?rest_route=\/wp\/v2\/posts\/3378","targetHints":{"allow":["GET"]}}],"collection":[{"href":"https:\/\/elveracruzano.vip\/index.php?rest_route=\/wp\/v2\/posts"}],"about":[{"href":"https:\/\/elveracruzano.vip\/index.php?rest_route=\/wp\/v2\/types\/post"}],"author":[{"embeddable":true,"href":"https:\/\/elveracruzano.vip\/index.php?rest_route=\/wp\/v2\/users\/4"}],"replies":[{"embeddable":true,"href":"https:\/\/elveracruzano.vip\/index.php?rest_route=%2Fwp%2Fv2%2Fcomments&post=3378"}],"version-history":[{"count":1,"href":"https:\/\/elveracruzano.vip\/index.php?rest_route=\/wp\/v2\/posts\/3378\/revisions"}],"predecessor-version":[{"id":3380,"href":"https:\/\/elveracruzano.vip\/index.php?rest_route=\/wp\/v2\/posts\/3378\/revisions\/3380"}],"wp:featuredmedia":[{"embeddable":true,"href":"https:\/\/elveracruzano.vip\/index.php?rest_route=\/wp\/v2\/media\/3379"}],"wp:attachment":[{"href":"https:\/\/elveracruzano.vip\/index.php?rest_route=%2Fwp%2Fv2%2Fmedia&parent=3378"}],"wp:term":[{"taxonomy":"category","embeddable":true,"href":"https:\/\/elveracruzano.vip\/index.php?rest_route=%2Fwp%2Fv2%2Fcategories&post=3378"},{"taxonomy":"post_tag","embeddable":true,"href":"https:\/\/elveracruzano.vip\/index.php?rest_route=%2Fwp%2Fv2%2Ftags&post=3378"}],"curies":[{"name":"wp","href":"https:\/\/api.w.org\/{rel}","templated":true}]}}