{"id":3375,"date":"2022-09-06T15:15:46","date_gmt":"2022-09-06T20:15:46","guid":{"rendered":"http:\/\/elveracruzano.vip\/?p=3375"},"modified":"2022-09-06T15:15:47","modified_gmt":"2022-09-06T20:15:47","slug":"plan-de-salud-para-el-bienestar-integra-medicina-tradicional-y-conocimientos-comunitarios-de-mexico-lopezobrador_-gobiernomx","status":"publish","type":"post","link":"https:\/\/elveracruzano.vip\/?p=3375","title":{"rendered":"Plan de Salud para el Bienestar integra medicina tradicional y conocimientos comunitarios de M\u00e9xico \/ @lopezobrador_ @GobiernoMX >>>"},"content":{"rendered":"\n<p><strong>#GobiernoDeM\u00e9xico<\/strong>.- El director general del Instituto Mexicano del Seguro Social, Zo\u00e9 Robledo Aburto, dio a conocer que el Plan de Salud para el Bienestar integra la medicina tradicional y los conocimientos comunitarios en beneficio de la poblaci\u00f3n, particularmente la que habita en zonas rurales.<\/p>\n\n\n\n<p>En conferencia de prensa matutina con el presidente Andr\u00e9s Manuel L\u00f3pez Obrador, inform\u00f3 que 6 mil 664 parteras, 754 m\u00e9dicas y m\u00e9dicos tradicionales, as\u00ed como 15 mil 775 voluntarios rurales contribuyen al cuidado de la salud en las regiones m\u00e1s apartadas del pa\u00eds.<\/p>\n\n\n\n<p>\u201cLas parteras est\u00e1n integradas desde hace 43 a\u00f1os en el proceso y modelo de atenci\u00f3n integral a la salud del IMSS Bienestar, desde su nacimiento como Coplamar\u201d, abund\u00f3.<\/p>\n\n\n\n<p>El modelo\u00a0IMSS Bienestar, dijo, procura la medicina tradicional y la participaci\u00f3n organizada de la comunidad. Al mismo tiempo, consolida la atenci\u00f3n m\u00e9dica en unidades de salud de primer y segundo nivel a fin de garantizar el derecho a la salud.<\/p>\n\n\n\n<p>El subsecretario de Prevenci\u00f3n y Promoci\u00f3n de la Salud,\u00a0Hugo L\u00f3pez Gatell Ram\u00edrez, destac\u00f3 que el Gobierno de M\u00e9xico, a trav\u00e9s de la Secretar\u00eda de Salud y del Consejo Nacional de Ciencia y Tecnolog\u00eda (Conacyt), impulsa acciones concretas para preservar el sentido p\u00fablico de la medicina tradicional y articularla con los servicios de salud.<\/p>\n\n\n\n<p><strong>#ElVeracruzanoVIP<\/strong> &#8211; <a href=\"https:\/\/www.facebook.com\/ElVeracruzanoVIP\/\"><strong>El Veracruzano VIP<\/strong><\/a><\/p>\n","protected":false},"excerpt":{"rendered":"<p>#GobiernoDeM\u00e9xico.- El director general del Instituto Mexicano del Seguro Social, Zo\u00e9 Robledo Aburto, dio a conocer que el Plan de<\/p>\n","protected":false},"author":4,"featured_media":3376,"comment_status":"open","ping_status":"open","sticky":false,"template":"","format":"standard","meta":{"colormag_page_container_layout":"default_layout","colormag_page_sidebar_layout":"default_layout","rop_custom_images_group":[],"rop_custom_messages_group":[],"rop_publish_now":"initial","rop_publish_now_accounts":{"facebook_109133384920963_108472061465099":""},"rop_publish_now_history":[],"rop_publish_now_status":"pending","footnotes":""},"categories":[13],"tags":[45,17,26,20,29,18,19,97,91,84,98,99,21,23,22],"class_list":["post-3375","post","type-post","status-publish","format-standard","has-post-thumbnail","hentry","category-principales","tag-amlo","tag-cuitlahuac-garcia-jimenez","tag-el-veracruzano-vip","tag-enterate","tag-gobierno-de-mexico","tag-gobierno-del-estado-de-veracruz","tag-redes-sociales","tag-secretaria-de-educacion-publica","tag-secretaria-de-educacion-veracruz","tag-secretaria-de-proteccion-civil-del-estado-de-veracruz","tag-secretaria-del-medio-ambiente","tag-secretaria-del-trabajo-y-prevision-social","tag-ultima-hora","tag-ultimas-noticias","tag-ultimo-minuto"],"_links":{"self":[{"href":"https:\/\/elveracruzano.vip\/index.php?rest_route=\/wp\/v2\/posts\/3375","targetHints":{"allow":["GET"]}}],"collection":[{"href":"https:\/\/elveracruzano.vip\/index.php?rest_route=\/wp\/v2\/posts"}],"about":[{"href":"https:\/\/elveracruzano.vip\/index.php?rest_route=\/wp\/v2\/types\/post"}],"author":[{"embeddable":true,"href":"https:\/\/elveracruzano.vip\/index.php?rest_route=\/wp\/v2\/users\/4"}],"replies":[{"embeddable":true,"href":"https:\/\/elveracruzano.vip\/index.php?rest_route=%2Fwp%2Fv2%2Fcomments&post=3375"}],"version-history":[{"count":1,"href":"https:\/\/elveracruzano.vip\/index.php?rest_route=\/wp\/v2\/posts\/3375\/revisions"}],"predecessor-version":[{"id":3377,"href":"https:\/\/elveracruzano.vip\/index.php?rest_route=\/wp\/v2\/posts\/3375\/revisions\/3377"}],"wp:featuredmedia":[{"embeddable":true,"href":"https:\/\/elveracruzano.vip\/index.php?rest_route=\/wp\/v2\/media\/3376"}],"wp:attachment":[{"href":"https:\/\/elveracruzano.vip\/index.php?rest_route=%2Fwp%2Fv2%2Fmedia&parent=3375"}],"wp:term":[{"taxonomy":"category","embeddable":true,"href":"https:\/\/elveracruzano.vip\/index.php?rest_route=%2Fwp%2Fv2%2Fcategories&post=3375"},{"taxonomy":"post_tag","embeddable":true,"href":"https:\/\/elveracruzano.vip\/index.php?rest_route=%2Fwp%2Fv2%2Ftags&post=3375"}],"curies":[{"name":"wp","href":"https:\/\/api.w.org\/{rel}","templated":true}]}}