{"id":3352,"date":"2022-08-30T17:30:00","date_gmt":"2022-08-30T22:30:00","guid":{"rendered":"http:\/\/elveracruzano.vip\/?p=3352"},"modified":"2022-08-30T10:56:33","modified_gmt":"2022-08-30T15:56:33","slug":"reconocen-a-305-docentes-veracruzanos-por-sus-practicas-educativas-durante-la-emergencia-sanitaria-por-covid-19-cuitlahuacgj-gobiernover","status":"publish","type":"post","link":"https:\/\/elveracruzano.vip\/?p=3352","title":{"rendered":"Reconocen a 305 docentes veracruzanos por sus pr\u00e1cticas educativas durante la emergencia sanitaria por COVID-19 \/ @CuitlahuacGJ @GobiernoVer >>>"},"content":{"rendered":"\n<p><strong>#BocaDelR\u00edo, #Ver<\/strong>.- Docentes de siete entidades del pa\u00eds, entre ellos 305 del nivel b\u00e1sico y medio superior de Veracruz, recibieron medallas conmemorativas y diplomas por su contribuci\u00f3n a las pr\u00e1cticas educativas en beneficio de la comunidad estudiantil durante la contingencia sanitaria.\u00a0<\/p>\n\n\n\n<p>Los reconocimientos fueron entregados por las Secretar\u00edas de Educaci\u00f3n P\u00fablica (SEP), a trav\u00e9s de la Unidad del Sistema para la Carrera de las Maestras y Maestros (USICAMM), en coordinaci\u00f3n con la Secretar\u00eda de Educaci\u00f3n de Veracruz (SEV), en el marco de los festejos por el centenario de la fundaci\u00f3n de la SEP.<\/p>\n\n\n\n<p>Durante la condecoraci\u00f3n a maestras y maestros de Campeche, Chiapas, Oaxaca, Tabasco, Yucat\u00e1n, Quintana Roo y Veracruz, el titular de la SEV, Zenyazen Escobar Garc\u00eda, se\u00f1al\u00f3 que uno de los retos del proceso ense\u00f1anza-aprendizaje durante la emergencia sanitaria fue adaptarse con innovaci\u00f3n y compromiso a las circunstancias que nunca se hab\u00edan vivido para que el sistema educativo no se detuviera.&nbsp;&nbsp;<\/p>\n\n\n\n<p>Al agradecer la colaboraci\u00f3n del gremio, detall\u00f3 que una de las estrategias implementadas por la dependencia en Veracruz fue la impresi\u00f3n y distribuci\u00f3n de m\u00e1s de 600 mil materiales para los niveles preescolar y primaria, as\u00ed como la entrega del libro Lectoescritura para la comunidad de los diferentes niveles.\u00a0\u00a0<\/p>\n\n\n\n<p><strong>#ElVeracruzanoVIP<\/strong> &#8211; <a href=\"https:\/\/www.facebook.com\/ElVeracruzanoVIP\/\"><strong>El Veracruzano VIP<\/strong><\/a><\/p>\n","protected":false},"excerpt":{"rendered":"<p>#BocaDelR\u00edo, #Ver.- Docentes de siete entidades del pa\u00eds, entre ellos 305 del nivel b\u00e1sico y medio superior de Veracruz, recibieron<\/p>\n","protected":false},"author":4,"featured_media":3353,"comment_status":"open","ping_status":"open","sticky":false,"template":"","format":"standard","meta":{"colormag_page_container_layout":"default_layout","colormag_page_sidebar_layout":"default_layout","rop_custom_images_group":[],"rop_custom_messages_group":[],"rop_publish_now":"initial","rop_publish_now_accounts":{"facebook_109133384920963_108472061465099":""},"rop_publish_now_history":[],"rop_publish_now_status":"pending","footnotes":""},"categories":[16],"tags":[17,26,20,18,19,97,91,84,98,99,21,23,22],"class_list":["post-3352","post","type-post","status-publish","format-standard","has-post-thumbnail","hentry","category-ultima-hora","tag-cuitlahuac-garcia-jimenez","tag-el-veracruzano-vip","tag-enterate","tag-gobierno-del-estado-de-veracruz","tag-redes-sociales","tag-secretaria-de-educacion-publica","tag-secretaria-de-educacion-veracruz","tag-secretaria-de-proteccion-civil-del-estado-de-veracruz","tag-secretaria-del-medio-ambiente","tag-secretaria-del-trabajo-y-prevision-social","tag-ultima-hora","tag-ultimas-noticias","tag-ultimo-minuto"],"_links":{"self":[{"href":"https:\/\/elveracruzano.vip\/index.php?rest_route=\/wp\/v2\/posts\/3352","targetHints":{"allow":["GET"]}}],"collection":[{"href":"https:\/\/elveracruzano.vip\/index.php?rest_route=\/wp\/v2\/posts"}],"about":[{"href":"https:\/\/elveracruzano.vip\/index.php?rest_route=\/wp\/v2\/types\/post"}],"author":[{"embeddable":true,"href":"https:\/\/elveracruzano.vip\/index.php?rest_route=\/wp\/v2\/users\/4"}],"replies":[{"embeddable":true,"href":"https:\/\/elveracruzano.vip\/index.php?rest_route=%2Fwp%2Fv2%2Fcomments&post=3352"}],"version-history":[{"count":1,"href":"https:\/\/elveracruzano.vip\/index.php?rest_route=\/wp\/v2\/posts\/3352\/revisions"}],"predecessor-version":[{"id":3354,"href":"https:\/\/elveracruzano.vip\/index.php?rest_route=\/wp\/v2\/posts\/3352\/revisions\/3354"}],"wp:featuredmedia":[{"embeddable":true,"href":"https:\/\/elveracruzano.vip\/index.php?rest_route=\/wp\/v2\/media\/3353"}],"wp:attachment":[{"href":"https:\/\/elveracruzano.vip\/index.php?rest_route=%2Fwp%2Fv2%2Fmedia&parent=3352"}],"wp:term":[{"taxonomy":"category","embeddable":true,"href":"https:\/\/elveracruzano.vip\/index.php?rest_route=%2Fwp%2Fv2%2Fcategories&post=3352"},{"taxonomy":"post_tag","embeddable":true,"href":"https:\/\/elveracruzano.vip\/index.php?rest_route=%2Fwp%2Fv2%2Ftags&post=3352"}],"curies":[{"name":"wp","href":"https:\/\/api.w.org\/{rel}","templated":true}]}}