{"id":3306,"date":"2022-08-23T11:14:22","date_gmt":"2022-08-23T16:14:22","guid":{"rendered":"http:\/\/elveracruzano.vip\/?p=3306"},"modified":"2022-08-23T11:14:24","modified_gmt":"2022-08-23T16:14:24","slug":"eligen-ciudadanos-de-12-colonias-de-cordoba-en-veracruz-a-sus-jefas-y-jefes-de-manzana-pdtejuanmtnez-aytocordobaver","status":"publish","type":"post","link":"https:\/\/elveracruzano.vip\/?p=3306","title":{"rendered":"Eligen ciudadanos de 12 colonias de C\u00f3rdoba, en Veracruz, a sus Jefas y Jefes de Manzana \/ @PdteJuanMtnez @AytoCordobaVer >>"},"content":{"rendered":"\n<p><strong>#C\u00f3rdoba, #Ver<\/strong>.- Mediante la Consulta Ciudadana, habitantes de 12 colonias han elegido a sus Jefas y Jefes de Manzana, quienes aceptaron este cargo honor\u00edfico para ser el enlace entre la ciudadan\u00eda y el Ayuntamiento de C\u00f3rdoba.<\/p>\n\n\n\n<p>De manera transparente y democr\u00e1tica los vecinos de las colonias: Los Filtros, Loma Linda, Alejandra Rodr\u00edguez, G\u00f3mez Morin, Los Arrayanes, Villa Las Flores, Benito Ju\u00e1rez, La Esperanza, Estaciones, San Crist\u00f3bal, Rancho Los Morales y La Esmeralda son quienes ya tienen a sus nuevos representantes.<\/p>\n\n\n\n<p>El Director de Desarrollo Social, Daniel Hern\u00e1ndez del \u00c1ngel, indic\u00f3 que derivado de la encomienda del Presidente, Juan Mart\u00ednez Flores, en que el proceso se lleve a cabo de manera transparente y democr\u00e1tica, es que han sido los mismos vecinos quienes los elijan.<\/p>\n\n\n\n<p>\u00abHemos tenido buena respuesta por parte de la ciudadan\u00eda, se ha estado caminando casa por casa en las colonias. Cuando hay m\u00e1s de dos personas propuestas se hace una asamblea abierta, donde los vecinos hacen la elecci\u00f3n a mano alzada y votan libremente\u00bb, dijo el director.<\/p>\n\n\n\n<p>El Jefe de Desarrollo Urbano que encabeza Saturnino P\u00e9rez Hern\u00e1ndez, inform\u00f3 que estar\u00e1n visitando durante estos d\u00edas las colonias Valle del Sol, Bugambilias, Rafael Murillo Vidal, Joyas de la Alameda, Lomas Verdes, Caracas, Guadalupe, El Carmen y Las Palmas, donde se estar\u00e1n pegando convocatorias en las escuelas, tiendas, paradas de autob\u00fas, lugares visibles para que la ciudadan\u00eda pueda saber qu\u00e9 d\u00eda va a llegar a su casa los brigadistas de Desarrollo Social.<\/p>\n\n\n\n<p><strong>#ElVeracruzanoVIP<\/strong> &#8211; <a href=\"https:\/\/www.facebook.com\/ElVeracruzanoVIP\/\"><strong>El Veracruzano VIP<\/strong><\/a> <\/p>\n","protected":false},"excerpt":{"rendered":"<p>#C\u00f3rdoba, #Ver.- Mediante la Consulta Ciudadana, habitantes de 12 colonias han elegido a sus Jefas y Jefes de Manzana, quienes<\/p>\n","protected":false},"author":4,"featured_media":3307,"comment_status":"open","ping_status":"open","sticky":false,"template":"","format":"standard","meta":{"colormag_page_container_layout":"default_layout","colormag_page_sidebar_layout":"default_layout","rop_custom_images_group":[],"rop_custom_messages_group":[],"rop_publish_now":"initial","rop_publish_now_accounts":{"facebook_109133384920963_108472061465099":""},"rop_publish_now_history":[],"rop_publish_now_status":"pending","footnotes":""},"categories":[11],"tags":[36,17,82,26,20,18,66,19,97,91,84,98,99,21,23,22],"class_list":["post-3306","post","type-post","status-publish","format-standard","has-post-thumbnail","hentry","category-municipios-destacados","tag-cordoba","tag-cuitlahuac-garcia-jimenez","tag-dif-cordoba","tag-el-veracruzano-vip","tag-enterate","tag-gobierno-del-estado-de-veracruz","tag-juan-martinez-flores","tag-redes-sociales","tag-secretaria-de-educacion-publica","tag-secretaria-de-educacion-veracruz","tag-secretaria-de-proteccion-civil-del-estado-de-veracruz","tag-secretaria-del-medio-ambiente","tag-secretaria-del-trabajo-y-prevision-social","tag-ultima-hora","tag-ultimas-noticias","tag-ultimo-minuto"],"_links":{"self":[{"href":"https:\/\/elveracruzano.vip\/index.php?rest_route=\/wp\/v2\/posts\/3306","targetHints":{"allow":["GET"]}}],"collection":[{"href":"https:\/\/elveracruzano.vip\/index.php?rest_route=\/wp\/v2\/posts"}],"about":[{"href":"https:\/\/elveracruzano.vip\/index.php?rest_route=\/wp\/v2\/types\/post"}],"author":[{"embeddable":true,"href":"https:\/\/elveracruzano.vip\/index.php?rest_route=\/wp\/v2\/users\/4"}],"replies":[{"embeddable":true,"href":"https:\/\/elveracruzano.vip\/index.php?rest_route=%2Fwp%2Fv2%2Fcomments&post=3306"}],"version-history":[{"count":1,"href":"https:\/\/elveracruzano.vip\/index.php?rest_route=\/wp\/v2\/posts\/3306\/revisions"}],"predecessor-version":[{"id":3308,"href":"https:\/\/elveracruzano.vip\/index.php?rest_route=\/wp\/v2\/posts\/3306\/revisions\/3308"}],"wp:featuredmedia":[{"embeddable":true,"href":"https:\/\/elveracruzano.vip\/index.php?rest_route=\/wp\/v2\/media\/3307"}],"wp:attachment":[{"href":"https:\/\/elveracruzano.vip\/index.php?rest_route=%2Fwp%2Fv2%2Fmedia&parent=3306"}],"wp:term":[{"taxonomy":"category","embeddable":true,"href":"https:\/\/elveracruzano.vip\/index.php?rest_route=%2Fwp%2Fv2%2Fcategories&post=3306"},{"taxonomy":"post_tag","embeddable":true,"href":"https:\/\/elveracruzano.vip\/index.php?rest_route=%2Fwp%2Fv2%2Ftags&post=3306"}],"curies":[{"name":"wp","href":"https:\/\/api.w.org\/{rel}","templated":true}]}}