{"id":3293,"date":"2022-08-23T14:30:00","date_gmt":"2022-08-23T19:30:00","guid":{"rendered":"http:\/\/elveracruzano.vip\/?p=3293"},"modified":"2022-08-23T11:14:36","modified_gmt":"2022-08-23T16:14:36","slug":"gobernador-de-veracruz-pone-en-marcha-nueva-ruta-de-transporte-para-la-cuenca-del-papaloapan-cuitlahuacgj-gobiernover","status":"publish","type":"post","link":"https:\/\/elveracruzano.vip\/?p=3293","title":{"rendered":"Gobernador de Veracruz pone en marcha nueva ruta de transporte para la Cuenca del Papaloapan \/ @CuitlahuacGJ @GobiernoVer >>>"},"content":{"rendered":"\n<p><strong>#Otatitl\u00e1n, #Ver<\/strong>.- El compromiso del Gobierno Estatal para dignificar las v\u00edas de comunicaci\u00f3n y dotar de m\u00e1s servicios de transporte qued\u00f3 consumado este jueves al inaugurarse la nueva ruta \u201cLos caminos de la Cuenca nos llenan de Orgullo\u201d, que va de Cosamaloapan a Otatitl\u00e1n.<\/p>\n\n\n\n<p>El gobernador Cuitl\u00e1huac Garc\u00eda Jim\u00e9nez; el secretario de Gobierno, Eric Cisneros Burgos, y la diputada presidenta del Congreso, Cecilia Josefina Guevara Guembe, dieron el banderazo de salida a tres autobuses de Transportes Regionales Veracruzanos (TRV), del Grupo Mobility ADO.<\/p>\n\n\n\n<p>La ruta consta de 77 kil\u00f3metros iniciando por Cosamaloapan y pasando por Carlos A. Carrillo, Chacaltianguis, Tuxtilla, Tlacojalpan y Otatitl\u00e1n; el trayecto consta de 25 paradas m\u00e1s las intermedias, entre \u00e9stas el hospital del IMSS de Cosamaloapan, CBTIS en Carlos A. Carrillo, otras escuelas, centros de trabajo y acerca la llegada al Ingenio San Crist\u00f3bal.<\/p>\n\n\n\n<p>El costo de traslado va desde los 9 a 61 pesos, este \u00faltimo para quien realice el recorrido completo. Tambi\u00e9n, el Gobierno de Veracruz rehabilit\u00f3 los parabuses que cuentan con temas alusivos a la Cuenca del Papaloapan.<\/p>\n\n\n\n<p><strong>#ElVeracruzanoVIP<\/strong> &#8211; <a href=\"https:\/\/www.facebook.com\/ElVeracruzanoVIP\/\"><strong>El Veracruzano VIP<\/strong><\/a><\/p>\n","protected":false},"excerpt":{"rendered":"<p>#Otatitl\u00e1n, #Ver.- El compromiso del Gobierno Estatal para dignificar las v\u00edas de comunicaci\u00f3n y dotar de m\u00e1s servicios de transporte<\/p>\n","protected":false},"author":4,"featured_media":3294,"comment_status":"open","ping_status":"open","sticky":false,"template":"","format":"standard","meta":{"colormag_page_container_layout":"default_layout","colormag_page_sidebar_layout":"default_layout","rop_custom_images_group":[],"rop_custom_messages_group":[],"rop_publish_now":"initial","rop_publish_now_accounts":{"facebook_109133384920963_108472061465099":""},"rop_publish_now_history":[],"rop_publish_now_status":"pending","footnotes":""},"categories":[16],"tags":[17,26,20,18,19,100,97,91,84,98,99,21,23,22],"class_list":["post-3293","post","type-post","status-publish","format-standard","has-post-thumbnail","hentry","category-ultima-hora","tag-cuitlahuac-garcia-jimenez","tag-el-veracruzano-vip","tag-enterate","tag-gobierno-del-estado-de-veracruz","tag-redes-sociales","tag-secretaria-de-economia","tag-secretaria-de-educacion-publica","tag-secretaria-de-educacion-veracruz","tag-secretaria-de-proteccion-civil-del-estado-de-veracruz","tag-secretaria-del-medio-ambiente","tag-secretaria-del-trabajo-y-prevision-social","tag-ultima-hora","tag-ultimas-noticias","tag-ultimo-minuto"],"_links":{"self":[{"href":"https:\/\/elveracruzano.vip\/index.php?rest_route=\/wp\/v2\/posts\/3293","targetHints":{"allow":["GET"]}}],"collection":[{"href":"https:\/\/elveracruzano.vip\/index.php?rest_route=\/wp\/v2\/posts"}],"about":[{"href":"https:\/\/elveracruzano.vip\/index.php?rest_route=\/wp\/v2\/types\/post"}],"author":[{"embeddable":true,"href":"https:\/\/elveracruzano.vip\/index.php?rest_route=\/wp\/v2\/users\/4"}],"replies":[{"embeddable":true,"href":"https:\/\/elveracruzano.vip\/index.php?rest_route=%2Fwp%2Fv2%2Fcomments&post=3293"}],"version-history":[{"count":1,"href":"https:\/\/elveracruzano.vip\/index.php?rest_route=\/wp\/v2\/posts\/3293\/revisions"}],"predecessor-version":[{"id":3295,"href":"https:\/\/elveracruzano.vip\/index.php?rest_route=\/wp\/v2\/posts\/3293\/revisions\/3295"}],"wp:featuredmedia":[{"embeddable":true,"href":"https:\/\/elveracruzano.vip\/index.php?rest_route=\/wp\/v2\/media\/3294"}],"wp:attachment":[{"href":"https:\/\/elveracruzano.vip\/index.php?rest_route=%2Fwp%2Fv2%2Fmedia&parent=3293"}],"wp:term":[{"taxonomy":"category","embeddable":true,"href":"https:\/\/elveracruzano.vip\/index.php?rest_route=%2Fwp%2Fv2%2Fcategories&post=3293"},{"taxonomy":"post_tag","embeddable":true,"href":"https:\/\/elveracruzano.vip\/index.php?rest_route=%2Fwp%2Fv2%2Ftags&post=3293"}],"curies":[{"name":"wp","href":"https:\/\/api.w.org\/{rel}","templated":true}]}}