{"id":3285,"date":"2022-08-18T11:29:14","date_gmt":"2022-08-18T16:29:14","guid":{"rendered":"http:\/\/elveracruzano.vip\/?p=3285"},"modified":"2022-08-18T11:29:15","modified_gmt":"2022-08-18T16:29:15","slug":"gobierno-de-amado-cruz-impulsa-el-emprendimiento-en-mujeres-en-ejidos-de-coatzacoalcos-veracruz-cruzmalpica-coatzagob","status":"publish","type":"post","link":"https:\/\/elveracruzano.vip\/?p=3285","title":{"rendered":"Gobierno de Amado Cruz impulsa el emprendimiento en mujeres en ejidos de Coatzacoalcos, Veracruz \/ @CruzMalpica @coatzagob >>"},"content":{"rendered":"\n<p class=\"wp-block-paragraph\">\u00a0<strong>#Coatzacoalcos, #Ver<\/strong>.- El Gobierno Municipal de Coatzacoalcos, que preside Amado Jes\u00fas Cruz Malpica, a trav\u00e9s del \u00e1rea de Vinculaci\u00f3n con Asociaciones Civiles y Grupos Vulnerables, a cargo de Keren Prot V\u00e1zquez,\u00a0realiz\u00f3 el \u201cTaller de Elaboraci\u00f3n de Toallas Sanitarias Ecol\u00f3gicas\u201d, dirigido a mujeres del ejido Colorado, con la finalidad de que emprendan su negocio y al mismo tiempo las utilicen para reducir costos en su econom\u00eda personal.<\/p>\n\n\n\n<p class=\"wp-block-paragraph\">\u201cSiguiendo las instrucciones de nuestro Presidente Municipal, buscamos darles las herramientas, ayudarlas a sustentar su trabajo, y esta iniciativa de las toallas es de Lucy Enr\u00edquez, representante de la \u201cFundaci\u00f3n Claudio Mart\u00ednez\u201d, quien ya la ha implementado en diferentes colonias de la ciudad. Queremos lograr un apoyo econ\u00f3mico para las mujeres, para que puedan emprender\u201d, detall\u00f3 Prot V\u00e1zquez.<\/p>\n\n\n\n<p class=\"wp-block-paragraph\">Fueron\u00a0m\u00e1s de 70 mujeres, entre madres de familia, j\u00f3venes y ni\u00f1as, las que tomaron este curso,\u00a0donde se les otorgaron los materiales necesarios y se les brind\u00f3 una pl\u00e1tica de los beneficios para el medio ambiente, salud y econom\u00eda.<\/p>\n\n\n\n<p class=\"wp-block-paragraph\">Lucy Enr\u00edquez, explic\u00f3 que la elaboraci\u00f3n de las toallas femeninas\u00a0es una excelente oportunidad de negocio\u00a0debido a que actualmente no existen muchas personas que se dediquen a la creaci\u00f3n de las mismas.<\/p>\n\n\n\n<p class=\"wp-block-paragraph\"><strong>#ElVeracruzanoVIP<\/strong> &#8211; <a href=\"https:\/\/www.facebook.com\/ElVeracruzanoVIP\/\"><strong>El Veracruzano VIP<\/strong><\/a><\/p>\n","protected":false},"excerpt":{"rendered":"<p>\u00a0#Coatzacoalcos, #Ver.- El Gobierno Municipal de Coatzacoalcos, que preside Amado Jes\u00fas Cruz Malpica, a trav\u00e9s del \u00e1rea de Vinculaci\u00f3n con<\/p>\n","protected":false},"author":4,"featured_media":3286,"comment_status":"open","ping_status":"open","sticky":false,"template":"","format":"standard","meta":{"colormag_page_container_layout":"default_layout","colormag_page_sidebar_layout":"default_layout","rop_custom_images_group":[],"rop_custom_messages_group":[],"rop_publish_now":"initial","rop_publish_now_accounts":{"facebook_109133384920963_108472061465099":""},"rop_publish_now_history":[],"rop_publish_now_status":"pending","footnotes":""},"categories":[10],"tags":[78,37,17,26,20,18,19,97,91,84,98,99,21,23,22],"class_list":["post-3285","post","type-post","status-publish","format-standard","has-post-thumbnail","hentry","category-municipios","tag-amado-cruz-malpica","tag-coatzacoalcos","tag-cuitlahuac-garcia-jimenez","tag-el-veracruzano-vip","tag-enterate","tag-gobierno-del-estado-de-veracruz","tag-redes-sociales","tag-secretaria-de-educacion-publica","tag-secretaria-de-educacion-veracruz","tag-secretaria-de-proteccion-civil-del-estado-de-veracruz","tag-secretaria-del-medio-ambiente","tag-secretaria-del-trabajo-y-prevision-social","tag-ultima-hora","tag-ultimas-noticias","tag-ultimo-minuto"],"_links":{"self":[{"href":"https:\/\/elveracruzano.vip\/index.php?rest_route=\/wp\/v2\/posts\/3285","targetHints":{"allow":["GET"]}}],"collection":[{"href":"https:\/\/elveracruzano.vip\/index.php?rest_route=\/wp\/v2\/posts"}],"about":[{"href":"https:\/\/elveracruzano.vip\/index.php?rest_route=\/wp\/v2\/types\/post"}],"author":[{"embeddable":true,"href":"https:\/\/elveracruzano.vip\/index.php?rest_route=\/wp\/v2\/users\/4"}],"replies":[{"embeddable":true,"href":"https:\/\/elveracruzano.vip\/index.php?rest_route=%2Fwp%2Fv2%2Fcomments&post=3285"}],"version-history":[{"count":1,"href":"https:\/\/elveracruzano.vip\/index.php?rest_route=\/wp\/v2\/posts\/3285\/revisions"}],"predecessor-version":[{"id":3287,"href":"https:\/\/elveracruzano.vip\/index.php?rest_route=\/wp\/v2\/posts\/3285\/revisions\/3287"}],"wp:featuredmedia":[{"embeddable":true,"href":"https:\/\/elveracruzano.vip\/index.php?rest_route=\/wp\/v2\/media\/3286"}],"wp:attachment":[{"href":"https:\/\/elveracruzano.vip\/index.php?rest_route=%2Fwp%2Fv2%2Fmedia&parent=3285"}],"wp:term":[{"taxonomy":"category","embeddable":true,"href":"https:\/\/elveracruzano.vip\/index.php?rest_route=%2Fwp%2Fv2%2Fcategories&post=3285"},{"taxonomy":"post_tag","embeddable":true,"href":"https:\/\/elveracruzano.vip\/index.php?rest_route=%2Fwp%2Fv2%2Ftags&post=3285"}],"curies":[{"name":"wp","href":"https:\/\/api.w.org\/{rel}","templated":true}]}}