{"id":3252,"date":"2022-08-16T10:44:08","date_gmt":"2022-08-16T15:44:08","guid":{"rendered":"http:\/\/elveracruzano.vip\/?p=3252"},"modified":"2022-08-16T10:44:09","modified_gmt":"2022-08-16T15:44:09","slug":"biotecnologia-moderna-organismos-transgenicos-y-las-nuevas-variedades-geneticamente-editadas","status":"publish","type":"post","link":"https:\/\/elveracruzano.vip\/?p=3252","title":{"rendered":"Biotecnolog\u00eda moderna: organismos transg\u00e9nicos y las nuevas variedades gen\u00e9ticamente editadas"},"content":{"rendered":"\n<p><strong>#Eventos<\/strong>.- En esta charla, el biotecn\u00f3logo y bi\u00f3logo molecular Francisco G. Bol\u00edvar Zapata se dedicar\u00e1 a desmitificar los transg\u00e9nicos. Explicar\u00e1 desde la importancia y ausencia de da\u00f1o de los organismos gen\u00e9ticamente modificados hasta el futuro del planeta, su sustentabilidad y la relevancia estrat\u00e9gica de la biotecnolog\u00eda y los cultivares transg\u00e9nicos.<\/p>\n\n\n\n<p><strong>#ElVeracruzanoVIP<\/strong> &#8211; <a href=\"https:\/\/www.facebook.com\/ElVeracruzanoVIP\/\"><strong>El Veracruzano VIP<\/strong><\/a><\/p>\n","protected":false},"excerpt":{"rendered":"<p>#Eventos.- En esta charla, el biotecn\u00f3logo y bi\u00f3logo molecular Francisco G. Bol\u00edvar Zapata se dedicar\u00e1 a desmitificar los transg\u00e9nicos. Explicar\u00e1<\/p>\n","protected":false},"author":4,"featured_media":3253,"comment_status":"open","ping_status":"open","sticky":false,"template":"","format":"standard","meta":{"colormag_page_container_layout":"default_layout","colormag_page_sidebar_layout":"default_layout","rop_custom_images_group":[],"rop_custom_messages_group":[],"rop_publish_now":"initial","rop_publish_now_accounts":{"facebook_109133384920963_108472061465099":""},"rop_publish_now_history":[],"rop_publish_now_status":"pending","footnotes":""},"categories":[9],"tags":[26,20,18,19,21,23,22],"class_list":["post-3252","post","type-post","status-publish","format-standard","has-post-thumbnail","hentry","category-eventos-especiales","tag-el-veracruzano-vip","tag-enterate","tag-gobierno-del-estado-de-veracruz","tag-redes-sociales","tag-ultima-hora","tag-ultimas-noticias","tag-ultimo-minuto"],"_links":{"self":[{"href":"https:\/\/elveracruzano.vip\/index.php?rest_route=\/wp\/v2\/posts\/3252","targetHints":{"allow":["GET"]}}],"collection":[{"href":"https:\/\/elveracruzano.vip\/index.php?rest_route=\/wp\/v2\/posts"}],"about":[{"href":"https:\/\/elveracruzano.vip\/index.php?rest_route=\/wp\/v2\/types\/post"}],"author":[{"embeddable":true,"href":"https:\/\/elveracruzano.vip\/index.php?rest_route=\/wp\/v2\/users\/4"}],"replies":[{"embeddable":true,"href":"https:\/\/elveracruzano.vip\/index.php?rest_route=%2Fwp%2Fv2%2Fcomments&post=3252"}],"version-history":[{"count":1,"href":"https:\/\/elveracruzano.vip\/index.php?rest_route=\/wp\/v2\/posts\/3252\/revisions"}],"predecessor-version":[{"id":3254,"href":"https:\/\/elveracruzano.vip\/index.php?rest_route=\/wp\/v2\/posts\/3252\/revisions\/3254"}],"wp:featuredmedia":[{"embeddable":true,"href":"https:\/\/elveracruzano.vip\/index.php?rest_route=\/wp\/v2\/media\/3253"}],"wp:attachment":[{"href":"https:\/\/elveracruzano.vip\/index.php?rest_route=%2Fwp%2Fv2%2Fmedia&parent=3252"}],"wp:term":[{"taxonomy":"category","embeddable":true,"href":"https:\/\/elveracruzano.vip\/index.php?rest_route=%2Fwp%2Fv2%2Fcategories&post=3252"},{"taxonomy":"post_tag","embeddable":true,"href":"https:\/\/elveracruzano.vip\/index.php?rest_route=%2Fwp%2Fv2%2Ftags&post=3252"}],"curies":[{"name":"wp","href":"https:\/\/api.w.org\/{rel}","templated":true}]}}