{"id":3181,"date":"2022-08-09T10:36:51","date_gmt":"2022-08-09T15:36:51","guid":{"rendered":"http:\/\/elveracruzano.vip\/?p=3181"},"modified":"2022-08-09T10:36:51","modified_gmt":"2022-08-09T15:36:51","slug":"con-la-participacion-de-50-infantes-concluye-primer-curso-de-verano-sembrando-guardianes-ambientales-en-veracruz","status":"publish","type":"post","link":"https:\/\/elveracruzano.vip\/?p=3181","title":{"rendered":"Con la participaci\u00f3n de 50 infantes, concluye primer curso de verano Sembrando Guardianes Ambientales en Veracruz"},"content":{"rendered":"\n<p><strong>#Xalapa, #Ver<\/strong>.- La Secretar\u00eda de Medio Ambiente (SEDEMA) clausur\u00f3 el Primer Verano Infantil Ambiental y Forestal\u00a0<em>Sembrando guardianes ambientales<\/em>, cuyo objetivo es inculcar en la ni\u00f1ez valores de convivencia y respeto hacia la naturaleza, a trav\u00e9s de la impartici\u00f3n de talleres y pl\u00e1ticas de sensibilizaci\u00f3n hacia su entorno.<\/p>\n\n\n\n<p>En concordancia con la Agenda 2030, 50 ni\u00f1as y ni\u00f1os realizaron actividades en las que aprendieron sobre la importancia de los recursos naturales, los efectos del cambio clim\u00e1tico, la conservaci\u00f3n de la flora y fauna, la protecci\u00f3n de los bosques, selvas y la cultura del reciclaje. Entre los talleres que se impartieron, destacan los de aves, anfibios, composta, cambio clim\u00e1tico, huertos, flora y fauna.<\/p>\n\n\n\n<p>La duraci\u00f3n del curso fue de una semana, de 10 a 14 horas, en las instalaciones de la Direcci\u00f3n de Desarrollo Forestal. Fue impartido en tres grupos: Peque\u00f1as Semillas, con menores de 6 a 8 a\u00f1os, Pl\u00e1ntulas, de 9 a 11 a\u00f1os, y \u00c1rboles, de 12 a 13 a\u00f1os.<\/p>\n\n\n\n<p>Colaboraron en esta iniciativa, las secretar\u00edas de Seguridad P\u00fablica, a trav\u00e9s de la Compa\u00f1\u00eda Canina K9 de la Fuerza Civil; Desarrollo Social, Educaci\u00f3n, Editora de Gobierno, el Consejo Veracruzano de Investigaci\u00f3n Cient\u00edfica y Desarrollo Tecnol\u00f3gico, y la Universidad Veracruzana mediante el Herpetario Staku-Luhua, adem\u00e1s de las organizaciones ambientalistas FestiXal de los Anfibios, Cr\u00f3nicas del Chivizcoyo, y Eco Fauna Rapaz.<\/p>\n\n\n\n<p>El titular de la SEDEMA, Juan Carlos Contreras Bautista, reconoci\u00f3 el inter\u00e9s de las familias por acercar a sus hijos a las actividades ambientales y el compromiso de infantes por proteger el medio ambiente. Le acompa\u00f1\u00f3 la directora de Vinculaci\u00f3n Social y Cultura Ambiental de SEDEMA, Brenda Joan Soto, y servidores p\u00fablicos estatales.<\/p>\n\n\n\n<p><strong>#ElVeracruzanoVIP<\/strong><\/p>\n","protected":false},"excerpt":{"rendered":"<p>#Xalapa, #Ver.- La Secretar\u00eda de Medio Ambiente (SEDEMA) clausur\u00f3 el Primer Verano Infantil Ambiental y Forestal\u00a0Sembrando guardianes ambientales, cuyo objetivo<\/p>\n","protected":false},"author":4,"featured_media":3182,"comment_status":"open","ping_status":"open","sticky":false,"template":"","format":"standard","meta":{"colormag_page_container_layout":"default_layout","colormag_page_sidebar_layout":"default_layout","rop_custom_images_group":[],"rop_custom_messages_group":[],"rop_publish_now":"initial","rop_publish_now_accounts":{"facebook_109133384920963_108472061465099":""},"rop_publish_now_history":[],"rop_publish_now_status":"pending","footnotes":""},"categories":[14],"tags":[17,26,20,18,93,19,77,84,21,23,22,32],"class_list":["post-3181","post","type-post","status-publish","format-standard","has-post-thumbnail","hentry","category-secretarias","tag-cuitlahuac-garcia-jimenez","tag-el-veracruzano-vip","tag-enterate","tag-gobierno-del-estado-de-veracruz","tag-pc-xalapa","tag-redes-sociales","tag-ricardo-ahued-bardahuil","tag-secretaria-de-proteccion-civil-del-estado-de-veracruz","tag-ultima-hora","tag-ultimas-noticias","tag-ultimo-minuto","tag-xalapa"],"_links":{"self":[{"href":"https:\/\/elveracruzano.vip\/index.php?rest_route=\/wp\/v2\/posts\/3181","targetHints":{"allow":["GET"]}}],"collection":[{"href":"https:\/\/elveracruzano.vip\/index.php?rest_route=\/wp\/v2\/posts"}],"about":[{"href":"https:\/\/elveracruzano.vip\/index.php?rest_route=\/wp\/v2\/types\/post"}],"author":[{"embeddable":true,"href":"https:\/\/elveracruzano.vip\/index.php?rest_route=\/wp\/v2\/users\/4"}],"replies":[{"embeddable":true,"href":"https:\/\/elveracruzano.vip\/index.php?rest_route=%2Fwp%2Fv2%2Fcomments&post=3181"}],"version-history":[{"count":1,"href":"https:\/\/elveracruzano.vip\/index.php?rest_route=\/wp\/v2\/posts\/3181\/revisions"}],"predecessor-version":[{"id":3183,"href":"https:\/\/elveracruzano.vip\/index.php?rest_route=\/wp\/v2\/posts\/3181\/revisions\/3183"}],"wp:featuredmedia":[{"embeddable":true,"href":"https:\/\/elveracruzano.vip\/index.php?rest_route=\/wp\/v2\/media\/3182"}],"wp:attachment":[{"href":"https:\/\/elveracruzano.vip\/index.php?rest_route=%2Fwp%2Fv2%2Fmedia&parent=3181"}],"wp:term":[{"taxonomy":"category","embeddable":true,"href":"https:\/\/elveracruzano.vip\/index.php?rest_route=%2Fwp%2Fv2%2Fcategories&post=3181"},{"taxonomy":"post_tag","embeddable":true,"href":"https:\/\/elveracruzano.vip\/index.php?rest_route=%2Fwp%2Fv2%2Ftags&post=3181"}],"curies":[{"name":"wp","href":"https:\/\/api.w.org\/{rel}","templated":true}]}}