{"id":3129,"date":"2022-08-02T16:13:00","date_gmt":"2022-08-02T21:13:00","guid":{"rendered":"http:\/\/elveracruzano.vip\/?p=3129"},"modified":"2022-08-02T10:14:53","modified_gmt":"2022-08-02T15:14:53","slug":"veracruz-tendra-inversion-federal-de-216-mdp-para-infraestructura-educativa-sev","status":"publish","type":"post","link":"https:\/\/elveracruzano.vip\/?p=3129","title":{"rendered":"Veracruz tendr\u00e1 inversi\u00f3n federal de 216 mdp para infraestructura educativa: SEV"},"content":{"rendered":"\n<p><strong>#SanAndr\u00e9sTuxtla, #Ver<\/strong>.- Derivado de gestiones hechas por el gobernador Cuitl\u00e1huac Garc\u00eda Jim\u00e9nez ante la Secretar\u00eda de Educaci\u00f3n P\u00fablica, el Gobierno Federal destinar\u00e1 216 millones de pesos para infraestructura educativa, adem\u00e1s de garantizar el pago de aguinaldos al magisterio veracruzano.<\/p>\n\n\n\n<p>Esto lo anunci\u00f3 el titular de la Secretar\u00eda de Educaci\u00f3n (SEV), Zenyazen Escobar Garc\u00eda, al entregar t\u00edtulos de propiedad a 147 escuelas de la zona sur del estado como parte del programa&nbsp;<em>Escuela Garantizada, Escritura Garante<\/em>&nbsp;para dar certeza jur\u00eddica y acceso a programas estatales y federales para el mejoramiento y equipamiento de las instalaciones.&nbsp;<\/p>\n\n\n\n<p>Escobar Garc\u00eda destac\u00f3 una entrega superior a los mil 600 t\u00edtulos de propiedad, como parte de esta iniciativa veracruzana referente a nivel nacional, al contar con un convenio sin precedentes con el Registro Agrario Nacional y otro con el Colegio de Notarios, permitiendo la gratuidad del tr\u00e1mite. Lo anterior en respuesta a la desatenci\u00f3n de pasadas administraciones estatales a las 12 mil 598 escuelas carentes de dicho documento.<\/p>\n\n\n\n<p>Los planteles que hoy recibieron sus t\u00edtulos de propiedad se ubican en Acayucan, \u00c1ngel R. Cabada, Catemaco, Coatzacoalcos, Cosamaloapan, Cosoleacaque, Hueyapan de Ocampo, Isla, Ixhuatl\u00e1n del Sureste, Ixmatlahuacan, Jes\u00fas Carranza, Juan Rodr\u00edguez Clara, Las Choapas, Lerdo de Tejada, Mecayapan, Minatitl\u00e1n, Oluta, Saltabarranca, San Andr\u00e9s Tuxtla, Santiago Tuxtla, Soteapan, Texistepec, Tierra Blanca, Tlacotalpan, Tres Valles, Uxpanapa y Playa Vicente.<\/p>\n\n\n\n<p><strong>#ElVeracruzanoVIP<\/strong><\/p>\n","protected":false},"excerpt":{"rendered":"<p>#SanAndr\u00e9sTuxtla, #Ver.- Derivado de gestiones hechas por el gobernador Cuitl\u00e1huac Garc\u00eda Jim\u00e9nez ante la Secretar\u00eda de Educaci\u00f3n P\u00fablica, el Gobierno<\/p>\n","protected":false},"author":4,"featured_media":3130,"comment_status":"open","ping_status":"open","sticky":false,"template":"","format":"standard","meta":{"colormag_page_container_layout":"default_layout","colormag_page_sidebar_layout":"default_layout","rop_custom_images_group":[],"rop_custom_messages_group":[],"rop_publish_now":"initial","rop_publish_now_accounts":{"facebook_109133384920963_108472061465099":""},"rop_publish_now_history":[],"rop_publish_now_status":"pending","footnotes":""},"categories":[14],"tags":[17,26,20,18,19,21,23,22],"class_list":["post-3129","post","type-post","status-publish","format-standard","has-post-thumbnail","hentry","category-secretarias","tag-cuitlahuac-garcia-jimenez","tag-el-veracruzano-vip","tag-enterate","tag-gobierno-del-estado-de-veracruz","tag-redes-sociales","tag-ultima-hora","tag-ultimas-noticias","tag-ultimo-minuto"],"_links":{"self":[{"href":"https:\/\/elveracruzano.vip\/index.php?rest_route=\/wp\/v2\/posts\/3129","targetHints":{"allow":["GET"]}}],"collection":[{"href":"https:\/\/elveracruzano.vip\/index.php?rest_route=\/wp\/v2\/posts"}],"about":[{"href":"https:\/\/elveracruzano.vip\/index.php?rest_route=\/wp\/v2\/types\/post"}],"author":[{"embeddable":true,"href":"https:\/\/elveracruzano.vip\/index.php?rest_route=\/wp\/v2\/users\/4"}],"replies":[{"embeddable":true,"href":"https:\/\/elveracruzano.vip\/index.php?rest_route=%2Fwp%2Fv2%2Fcomments&post=3129"}],"version-history":[{"count":1,"href":"https:\/\/elveracruzano.vip\/index.php?rest_route=\/wp\/v2\/posts\/3129\/revisions"}],"predecessor-version":[{"id":3131,"href":"https:\/\/elveracruzano.vip\/index.php?rest_route=\/wp\/v2\/posts\/3129\/revisions\/3131"}],"wp:featuredmedia":[{"embeddable":true,"href":"https:\/\/elveracruzano.vip\/index.php?rest_route=\/wp\/v2\/media\/3130"}],"wp:attachment":[{"href":"https:\/\/elveracruzano.vip\/index.php?rest_route=%2Fwp%2Fv2%2Fmedia&parent=3129"}],"wp:term":[{"taxonomy":"category","embeddable":true,"href":"https:\/\/elveracruzano.vip\/index.php?rest_route=%2Fwp%2Fv2%2Fcategories&post=3129"},{"taxonomy":"post_tag","embeddable":true,"href":"https:\/\/elveracruzano.vip\/index.php?rest_route=%2Fwp%2Fv2%2Ftags&post=3129"}],"curies":[{"name":"wp","href":"https:\/\/api.w.org\/{rel}","templated":true}]}}