{"id":3088,"date":"2022-07-26T11:36:15","date_gmt":"2022-07-26T16:36:15","guid":{"rendered":"http:\/\/elveracruzano.vip\/?p=3088"},"modified":"2022-07-26T11:36:16","modified_gmt":"2022-07-26T16:36:16","slug":"con-gran-exito-culmina-feria-de-la-salud-en-minatitlan","status":"publish","type":"post","link":"https:\/\/elveracruzano.vip\/?p=3088","title":{"rendered":"Con gran \u00e9xito culmina Feria de la Salud en Minatitl\u00e1n"},"content":{"rendered":"\n<p class=\"wp-block-paragraph\"><strong>#Minatitl\u00e1n, #Ver<\/strong>. \u2013 Este lunes se llev\u00f3 a cabo la primera Feria de la Salud, coordinada por la direcci\u00f3n del Instituto Municipal de la Mujer (IMM), con el objetivo de prevenir, atender y erradicar la violencia de g\u00e9nero de las mujeres y ni\u00f1as del municipio de Minatitl\u00e1n.<\/p>\n\n\n\n<p class=\"wp-block-paragraph\">Fue en las instalaciones del IMM, donde se dieron cita decenas de mujeres, donde personal del Centro de Salud, les brindaron los servicios como; pruebas r\u00e1pidas de detecci\u00f3n de VIH, pl\u00e1ticas sobre planificaci\u00f3n familiar y m\u00e9todos de prevenci\u00f3n contra COVID-19, tambi\u00e9n se les proporcion\u00f3 aplicaci\u00f3n de fl\u00faor.<\/p>\n\n\n\n<p class=\"wp-block-paragraph\">Adem\u00e1s, se instalaron m\u00f3dulos donde se les otorg\u00f3 informaci\u00f3n de violencia, prevenci\u00f3n de adicciones y promoci\u00f3n al derecho a la educaci\u00f3n, y se les brind\u00f3 asesor\u00eda en trabajo social, psicolog\u00eda y jur\u00eddica.<\/p>\n\n\n\n<p class=\"wp-block-paragraph\">\u201cPara nuestra presidenta municipal, Carmen Medel Palma; es importante que la ciudadan\u00eda tenga derecho a estos servicios, por ello decidimos realizar esta feria para acercar todos los servicios de salud\u201d, expres\u00f3 Deyanira Rosales Alberto, titular de la dependencia.<\/p>\n\n\n\n<p class=\"wp-block-paragraph\">Tambi\u00e9n, enfatiz\u00f3 que, durante la jornada, se atendieron hombres, con la intenci\u00f3n de cuidar la integridad de todas las familias de Minatitl\u00e1n, de esta forma el municipio que Florece, refrenda el compromiso de mantener pol\u00edticas p\u00fablicas a favor de la salud de los minatitlecos.<\/p>\n\n\n\n<p class=\"wp-block-paragraph\"><strong>#ElVeracruzanoVIP<\/strong><\/p>\n","protected":false},"excerpt":{"rendered":"<p>#Minatitl\u00e1n, #Ver. \u2013 Este lunes se llev\u00f3 a cabo la primera Feria de la Salud, coordinada por la direcci\u00f3n del<\/p>\n","protected":false},"author":4,"featured_media":3089,"comment_status":"open","ping_status":"open","sticky":false,"template":"","format":"standard","meta":{"colormag_page_container_layout":"default_layout","colormag_page_sidebar_layout":"default_layout","rop_custom_images_group":[],"rop_custom_messages_group":[],"rop_publish_now":"initial","rop_publish_now_accounts":{"facebook_109133384920963_108472061465099":""},"rop_publish_now_history":[],"rop_publish_now_status":"pending","footnotes":""},"categories":[8],"tags":[17,26,20,18,39,19,21,23,22],"class_list":["post-3088","post","type-post","status-publish","format-standard","has-post-thumbnail","hentry","category-alcaldesas","tag-cuitlahuac-garcia-jimenez","tag-el-veracruzano-vip","tag-enterate","tag-gobierno-del-estado-de-veracruz","tag-minatitlan","tag-redes-sociales","tag-ultima-hora","tag-ultimas-noticias","tag-ultimo-minuto"],"_links":{"self":[{"href":"https:\/\/elveracruzano.vip\/index.php?rest_route=\/wp\/v2\/posts\/3088","targetHints":{"allow":["GET"]}}],"collection":[{"href":"https:\/\/elveracruzano.vip\/index.php?rest_route=\/wp\/v2\/posts"}],"about":[{"href":"https:\/\/elveracruzano.vip\/index.php?rest_route=\/wp\/v2\/types\/post"}],"author":[{"embeddable":true,"href":"https:\/\/elveracruzano.vip\/index.php?rest_route=\/wp\/v2\/users\/4"}],"replies":[{"embeddable":true,"href":"https:\/\/elveracruzano.vip\/index.php?rest_route=%2Fwp%2Fv2%2Fcomments&post=3088"}],"version-history":[{"count":1,"href":"https:\/\/elveracruzano.vip\/index.php?rest_route=\/wp\/v2\/posts\/3088\/revisions"}],"predecessor-version":[{"id":3090,"href":"https:\/\/elveracruzano.vip\/index.php?rest_route=\/wp\/v2\/posts\/3088\/revisions\/3090"}],"wp:featuredmedia":[{"embeddable":true,"href":"https:\/\/elveracruzano.vip\/index.php?rest_route=\/wp\/v2\/media\/3089"}],"wp:attachment":[{"href":"https:\/\/elveracruzano.vip\/index.php?rest_route=%2Fwp%2Fv2%2Fmedia&parent=3088"}],"wp:term":[{"taxonomy":"category","embeddable":true,"href":"https:\/\/elveracruzano.vip\/index.php?rest_route=%2Fwp%2Fv2%2Fcategories&post=3088"},{"taxonomy":"post_tag","embeddable":true,"href":"https:\/\/elveracruzano.vip\/index.php?rest_route=%2Fwp%2Fv2%2Ftags&post=3088"}],"curies":[{"name":"wp","href":"https:\/\/api.w.org\/{rel}","templated":true}]}}