{"id":3081,"date":"2022-07-26T11:33:24","date_gmt":"2022-07-26T16:33:24","guid":{"rendered":"http:\/\/elveracruzano.vip\/?p=3081"},"modified":"2022-07-26T11:33:24","modified_gmt":"2022-07-26T16:33:24","slug":"inauguracion-en-orizaba-de-la-nueva-ludoteca-quim-maria-eugenia-garcilazo-lagunes","status":"publish","type":"post","link":"https:\/\/elveracruzano.vip\/?p=3081","title":{"rendered":"Inauguraci\u00f3n en Orizaba de la nueva LUDOTECA: \u00abQUIM. Mar\u00eda Eugenia Garcilazo Lagunes\u00bb"},"content":{"rendered":"\n<p><strong>#Orizaba, #Ver<\/strong>.- Este nuevo espacio para los ni\u00f1os fue posible gracias a la Familia Garcilazo y la Mesa Redonda Panamericana de Orizaba, en beneficio de la escuela Sor Juana In\u00e9s de la Cruz. <\/p>\n\n\n\n<p>El Presidente del DIF municipal de Orizaba, Lic. Hugo Chah\u00edn Kuri, dio un mensaje para la comunidad, donde recalc\u00f3 que la educaci\u00f3n es la herramienta m\u00e1s poderosa para cambiar el mundo.<\/p>\n\n\n\n<figure class=\"wp-block-image aligncenter size-large is-resized\"><img loading=\"lazy\" decoding=\"async\" src=\"http:\/\/elveracruzano.vip\/wp-content\/uploads\/2022\/07\/ori2-4-1024x679.jpg\" alt=\"\" class=\"wp-image-3082\" width=\"521\" height=\"345\" srcset=\"https:\/\/elveracruzano.vip\/wp-content\/uploads\/2022\/07\/ori2-4-1024x679.jpg 1024w, https:\/\/elveracruzano.vip\/wp-content\/uploads\/2022\/07\/ori2-4-300x199.jpg 300w, https:\/\/elveracruzano.vip\/wp-content\/uploads\/2022\/07\/ori2-4-768x509.jpg 768w, https:\/\/elveracruzano.vip\/wp-content\/uploads\/2022\/07\/ori2-4-1536x1018.jpg 1536w, https:\/\/elveracruzano.vip\/wp-content\/uploads\/2022\/07\/ori2-4-600x398.jpg 600w, https:\/\/elveracruzano.vip\/wp-content\/uploads\/2022\/07\/ori2-4.jpg 2048w\" sizes=\"auto, (max-width: 521px) 100vw, 521px\" \/><\/figure>\n\n\n\n<p><strong>#ElVeracruzanoVIP<\/strong><\/p>\n","protected":false},"excerpt":{"rendered":"<p>#Orizaba, #Ver.- Este nuevo espacio para los ni\u00f1os fue posible gracias a la Familia Garcilazo y la Mesa Redonda Panamericana<\/p>\n","protected":false},"author":4,"featured_media":3083,"comment_status":"open","ping_status":"open","sticky":false,"template":"","format":"standard","meta":{"colormag_page_container_layout":"default_layout","colormag_page_sidebar_layout":"default_layout","rop_custom_images_group":[],"rop_custom_messages_group":[],"rop_publish_now":"initial","rop_publish_now_accounts":{"facebook_109133384920963_108472061465099":""},"rop_publish_now_history":[],"rop_publish_now_status":"pending","footnotes":""},"categories":[11],"tags":[53,17,92,26,20,18,81,19,21,23,22],"class_list":["post-3081","post","type-post","status-publish","format-standard","has-post-thumbnail","hentry","category-municipios-destacados","tag-ayuntamiento-de-orizaba","tag-cuitlahuac-garcia-jimenez","tag-dif-orizaba","tag-el-veracruzano-vip","tag-enterate","tag-gobierno-del-estado-de-veracruz","tag-juan-manuel-diez","tag-redes-sociales","tag-ultima-hora","tag-ultimas-noticias","tag-ultimo-minuto"],"_links":{"self":[{"href":"https:\/\/elveracruzano.vip\/index.php?rest_route=\/wp\/v2\/posts\/3081","targetHints":{"allow":["GET"]}}],"collection":[{"href":"https:\/\/elveracruzano.vip\/index.php?rest_route=\/wp\/v2\/posts"}],"about":[{"href":"https:\/\/elveracruzano.vip\/index.php?rest_route=\/wp\/v2\/types\/post"}],"author":[{"embeddable":true,"href":"https:\/\/elveracruzano.vip\/index.php?rest_route=\/wp\/v2\/users\/4"}],"replies":[{"embeddable":true,"href":"https:\/\/elveracruzano.vip\/index.php?rest_route=%2Fwp%2Fv2%2Fcomments&post=3081"}],"version-history":[{"count":1,"href":"https:\/\/elveracruzano.vip\/index.php?rest_route=\/wp\/v2\/posts\/3081\/revisions"}],"predecessor-version":[{"id":3084,"href":"https:\/\/elveracruzano.vip\/index.php?rest_route=\/wp\/v2\/posts\/3081\/revisions\/3084"}],"wp:featuredmedia":[{"embeddable":true,"href":"https:\/\/elveracruzano.vip\/index.php?rest_route=\/wp\/v2\/media\/3083"}],"wp:attachment":[{"href":"https:\/\/elveracruzano.vip\/index.php?rest_route=%2Fwp%2Fv2%2Fmedia&parent=3081"}],"wp:term":[{"taxonomy":"category","embeddable":true,"href":"https:\/\/elveracruzano.vip\/index.php?rest_route=%2Fwp%2Fv2%2Fcategories&post=3081"},{"taxonomy":"post_tag","embeddable":true,"href":"https:\/\/elveracruzano.vip\/index.php?rest_route=%2Fwp%2Fv2%2Ftags&post=3081"}],"curies":[{"name":"wp","href":"https:\/\/api.w.org\/{rel}","templated":true}]}}